{"id":7610,"date":"2019-08-13T04:50:29","date_gmt":"2019-08-13T02:50:29","guid":{"rendered":"https:\/\/ibs.org.pl\/news\/the-awards-gala-for-socially-responsible-employers\/"},"modified":"2022-12-30T02:03:54","modified_gmt":"2022-12-30T01:03:54","slug":"the-awards-gala-for-socially-responsible-employers","status":"publish","type":"news","link":"https:\/\/ibs.org.pl\/en\/news\/the-awards-gala-for-socially-responsible-employers\/","title":{"rendered":"The awards gala for socially responsible employers"},"content":{"rendered":"\n<p>La Caixa Foundation awarded four companies operating in Poland for incorporating social responsibility issues into a corporate strategy and creating employment opportunities for people experiencing difficulties entering or returning to the labour market.<\/p>\n\n\n\n<p>Among the winners in the Small Business category, up to 50 employees, were:&nbsp;<strong>Factory-Serw. Piotr R\u00f3\u017ckowski,<\/strong>&nbsp;a company dealing with pipelines and technological installations and comprehensive welding services, as well as&nbsp;<strong>IDEA z o.o.<\/strong>, owner of the Camera hostel in Warsaw. In the Large Company category, over 250 employees, a prize was awarded to&nbsp;<strong>Develey Polska<\/strong>, a mustard and sauces manufacturer. In the special category, the&nbsp;<strong>Forani Foundation<\/strong>&nbsp;was honored, dealing with care of people after transport accidents and running a charity shop in Warsaw. IBS as the coordinating organisation of the Programme in Poland has also been awarded the prize for supporting professional activation.<\/p>\n\n\n\n<p>La Caixa banking Foundation awards are given to employers who employ beneficiaries of the &#8220;W\u0142\u0105cz si\u0119&#8221; Programme, thus creating friendly jobs for the socially excluded persons. The selection criteria for the winners include: number of employed people excluded in relation to the whole of the company&#8217;s team, type of contract, position held, integration with the team or the possibility of doing apprenticeships. Candidatures for the award are submitted by non-governmental organizations supporting &#8220;la Caixa&#8221; Foundation Program in Poland: Scientific Foundation Institute for Structural Research, coordinator of all activities, the Aktywizacja Foundation, Otwarte Drzwi Association, Friends of Integration Association, Spoza Association and S\u0142awek Foundation.<\/p>\n\n\n\n<figure class=\"wp-block-image size-large\"><img loading=\"lazy\" decoding=\"async\" width=\"1024\" height=\"683\" src=\"https:\/\/ibs.org.pl\/wp-content\/uploads\/2022\/12\/20190709_110-1140x760-2-1024x683.jpg\" alt=\"\" class=\"wp-image-22619\" srcset=\"https:\/\/ibs.org.pl\/wp-content\/uploads\/2022\/12\/20190709_110-1140x760-2-1024x683.jpg 1024w, https:\/\/ibs.org.pl\/wp-content\/uploads\/2022\/12\/20190709_110-1140x760-2-300x200.jpg 300w, https:\/\/ibs.org.pl\/wp-content\/uploads\/2022\/12\/20190709_110-1140x760-2-768x512.jpg 768w, https:\/\/ibs.org.pl\/wp-content\/uploads\/2022\/12\/20190709_110-1140x760-2.jpg 1140w\" sizes=\"auto, (max-width: 1024px) 100vw, 1024px\" \/><\/figure>\n","protected":false},"featured_media":5855,"template":"","news_type":[383],"class_list":["post-7610","news","type-news","status-publish","has-post-thumbnail","hentry","news_type-award"],"acf":[],"yoast_head":"<!-- This site is optimized with the Yoast SEO plugin v27.3 - https:\/\/yoast.com\/product\/yoast-seo-wordpress\/ -->\n<title>The awards gala for socially responsible employers - IBS - Instytut Bada\u0144 Strukturalnych<\/title>\n<meta name=\"description\" content=\"On July 9th for the second time a gala awards to socially responsible employers employing beneficiaries of the &quot;W\u0142\u0105cz si\u0119&quot; Programme took place.\" \/>\n<meta name=\"robots\" content=\"index, follow, max-snippet:-1, max-image-preview:large, max-video-preview:-1\" \/>\n<link rel=\"canonical\" href=\"https:\/\/ibs.org.pl\/en\/news\/the-awards-gala-for-socially-responsible-employers\/\" \/>\n<meta property=\"og:locale\" content=\"en_US\" \/>\n<meta property=\"og:type\" content=\"article\" \/>\n<meta property=\"og:title\" content=\"The awards gala for socially responsible employers - IBS - Instytut Bada\u0144 Strukturalnych\" \/>\n<meta property=\"og:description\" content=\"On July 9th for the second time a gala awards to socially responsible employers employing beneficiaries of the &quot;W\u0142\u0105cz si\u0119&quot; Programme took place.\" \/>\n<meta property=\"og:url\" content=\"https:\/\/ibs.org.pl\/en\/news\/the-awards-gala-for-socially-responsible-employers\/\" \/>\n<meta property=\"og:site_name\" content=\"IBS - Instytut Bada\u0144 Strukturalnych\" \/>\n<meta property=\"article:modified_time\" content=\"2022-12-30T01:03:54+00:00\" \/>\n<meta property=\"og:image\" content=\"https:\/\/ibs.org.pl\/wp-content\/uploads\/2022\/11\/20190709_007-scaled.jpg\" \/>\n\t<meta property=\"og:image:width\" content=\"2560\" \/>\n\t<meta property=\"og:image:height\" content=\"1707\" \/>\n\t<meta property=\"og:image:type\" content=\"image\/jpeg\" \/>\n<meta name=\"twitter:card\" content=\"summary_large_image\" \/>\n<meta name=\"twitter:label1\" content=\"Est. reading time\" \/>\n\t<meta name=\"twitter:data1\" content=\"2 minutes\" \/>\n<script type=\"application\/ld+json\" class=\"yoast-schema-graph\">{\"@context\":\"https:\\\/\\\/schema.org\",\"@graph\":[{\"@type\":\"WebPage\",\"@id\":\"https:\\\/\\\/ibs.org.pl\\\/en\\\/news\\\/the-awards-gala-for-socially-responsible-employers\\\/\",\"url\":\"https:\\\/\\\/ibs.org.pl\\\/en\\\/news\\\/the-awards-gala-for-socially-responsible-employers\\\/\",\"name\":\"The awards gala for socially responsible employers - IBS - Instytut Bada\u0144 Strukturalnych\",\"isPartOf\":{\"@id\":\"https:\\\/\\\/ibs.org.pl\\\/en\\\/#website\"},\"primaryImageOfPage\":{\"@id\":\"https:\\\/\\\/ibs.org.pl\\\/en\\\/news\\\/the-awards-gala-for-socially-responsible-employers\\\/#primaryimage\"},\"image\":{\"@id\":\"https:\\\/\\\/ibs.org.pl\\\/en\\\/news\\\/the-awards-gala-for-socially-responsible-employers\\\/#primaryimage\"},\"thumbnailUrl\":\"https:\\\/\\\/ibs.org.pl\\\/wp-content\\\/uploads\\\/2022\\\/11\\\/20190709_007-scaled.jpg\",\"datePublished\":\"2019-08-13T02:50:29+00:00\",\"dateModified\":\"2022-12-30T01:03:54+00:00\",\"description\":\"On July 9th for the second time a gala awards to socially responsible employers employing beneficiaries of the \\\"W\u0142\u0105cz si\u0119\\\" Programme took place.\",\"breadcrumb\":{\"@id\":\"https:\\\/\\\/ibs.org.pl\\\/en\\\/news\\\/the-awards-gala-for-socially-responsible-employers\\\/#breadcrumb\"},\"inLanguage\":\"en-US\",\"potentialAction\":[{\"@type\":\"ReadAction\",\"target\":[\"https:\\\/\\\/ibs.org.pl\\\/en\\\/news\\\/the-awards-gala-for-socially-responsible-employers\\\/\"]}]},{\"@type\":\"ImageObject\",\"inLanguage\":\"en-US\",\"@id\":\"https:\\\/\\\/ibs.org.pl\\\/en\\\/news\\\/the-awards-gala-for-socially-responsible-employers\\\/#primaryimage\",\"url\":\"https:\\\/\\\/ibs.org.pl\\\/wp-content\\\/uploads\\\/2022\\\/11\\\/20190709_007-scaled.jpg\",\"contentUrl\":\"https:\\\/\\\/ibs.org.pl\\\/wp-content\\\/uploads\\\/2022\\\/11\\\/20190709_007-scaled.jpg\",\"width\":2560,\"height\":1707},{\"@type\":\"BreadcrumbList\",\"@id\":\"https:\\\/\\\/ibs.org.pl\\\/en\\\/news\\\/the-awards-gala-for-socially-responsible-employers\\\/#breadcrumb\",\"itemListElement\":[{\"@type\":\"ListItem\",\"position\":1,\"name\":\"Home\",\"item\":\"https:\\\/\\\/ibs.org.pl\\\/en\\\/\"},{\"@type\":\"ListItem\",\"position\":2,\"name\":\"The awards gala for socially responsible employers\"}]},{\"@type\":\"WebSite\",\"@id\":\"https:\\\/\\\/ibs.org.pl\\\/en\\\/#website\",\"url\":\"https:\\\/\\\/ibs.org.pl\\\/en\\\/\",\"name\":\"IBS - Instytut Bada\u0144 Strukturalnych\",\"description\":\"Jeste\u015bmy niezale\u017cn\u0105 fundacj\u0105 naukow\u0105. Prowadzimy badania w obszarze m.in.: rynku pracy, polityki rodzinnej, finans\u00f3w publicznych, energii i klimatu.\",\"potentialAction\":[{\"@type\":\"SearchAction\",\"target\":{\"@type\":\"EntryPoint\",\"urlTemplate\":\"https:\\\/\\\/ibs.org.pl\\\/en\\\/?s={search_term_string}\"},\"query-input\":{\"@type\":\"PropertyValueSpecification\",\"valueRequired\":true,\"valueName\":\"search_term_string\"}}],\"inLanguage\":\"en-US\"}]}<\/script>\n<!-- \/ Yoast SEO plugin. -->","yoast_head_json":{"title":"The awards gala for socially responsible employers - IBS - Instytut Bada\u0144 Strukturalnych","description":"On July 9th for the second time a gala awards to socially responsible employers employing beneficiaries of the \"W\u0142\u0105cz si\u0119\" Programme took place.","robots":{"index":"index","follow":"follow","max-snippet":"max-snippet:-1","max-image-preview":"max-image-preview:large","max-video-preview":"max-video-preview:-1"},"canonical":"https:\/\/ibs.org.pl\/en\/news\/the-awards-gala-for-socially-responsible-employers\/","og_locale":"en_US","og_type":"article","og_title":"The awards gala for socially responsible employers - IBS - Instytut Bada\u0144 Strukturalnych","og_description":"On July 9th for the second time a gala awards to socially responsible employers employing beneficiaries of the \"W\u0142\u0105cz si\u0119\" Programme took place.","og_url":"https:\/\/ibs.org.pl\/en\/news\/the-awards-gala-for-socially-responsible-employers\/","og_site_name":"IBS - Instytut Bada\u0144 Strukturalnych","article_modified_time":"2022-12-30T01:03:54+00:00","og_image":[{"width":2560,"height":1707,"url":"https:\/\/ibs.org.pl\/wp-content\/uploads\/2022\/11\/20190709_007-scaled.jpg","type":"image\/jpeg"}],"twitter_card":"summary_large_image","twitter_misc":{"Est. reading time":"2 minutes"},"schema":{"@context":"https:\/\/schema.org","@graph":[{"@type":"WebPage","@id":"https:\/\/ibs.org.pl\/en\/news\/the-awards-gala-for-socially-responsible-employers\/","url":"https:\/\/ibs.org.pl\/en\/news\/the-awards-gala-for-socially-responsible-employers\/","name":"The awards gala for socially responsible employers - IBS - Instytut Bada\u0144 Strukturalnych","isPartOf":{"@id":"https:\/\/ibs.org.pl\/en\/#website"},"primaryImageOfPage":{"@id":"https:\/\/ibs.org.pl\/en\/news\/the-awards-gala-for-socially-responsible-employers\/#primaryimage"},"image":{"@id":"https:\/\/ibs.org.pl\/en\/news\/the-awards-gala-for-socially-responsible-employers\/#primaryimage"},"thumbnailUrl":"https:\/\/ibs.org.pl\/wp-content\/uploads\/2022\/11\/20190709_007-scaled.jpg","datePublished":"2019-08-13T02:50:29+00:00","dateModified":"2022-12-30T01:03:54+00:00","description":"On July 9th for the second time a gala awards to socially responsible employers employing beneficiaries of the \"W\u0142\u0105cz si\u0119\" Programme took place.","breadcrumb":{"@id":"https:\/\/ibs.org.pl\/en\/news\/the-awards-gala-for-socially-responsible-employers\/#breadcrumb"},"inLanguage":"en-US","potentialAction":[{"@type":"ReadAction","target":["https:\/\/ibs.org.pl\/en\/news\/the-awards-gala-for-socially-responsible-employers\/"]}]},{"@type":"ImageObject","inLanguage":"en-US","@id":"https:\/\/ibs.org.pl\/en\/news\/the-awards-gala-for-socially-responsible-employers\/#primaryimage","url":"https:\/\/ibs.org.pl\/wp-content\/uploads\/2022\/11\/20190709_007-scaled.jpg","contentUrl":"https:\/\/ibs.org.pl\/wp-content\/uploads\/2022\/11\/20190709_007-scaled.jpg","width":2560,"height":1707},{"@type":"BreadcrumbList","@id":"https:\/\/ibs.org.pl\/en\/news\/the-awards-gala-for-socially-responsible-employers\/#breadcrumb","itemListElement":[{"@type":"ListItem","position":1,"name":"Home","item":"https:\/\/ibs.org.pl\/en\/"},{"@type":"ListItem","position":2,"name":"The awards gala for socially responsible employers"}]},{"@type":"WebSite","@id":"https:\/\/ibs.org.pl\/en\/#website","url":"https:\/\/ibs.org.pl\/en\/","name":"IBS - Instytut Bada\u0144 Strukturalnych","description":"Jeste\u015bmy niezale\u017cn\u0105 fundacj\u0105 naukow\u0105. Prowadzimy badania w obszarze m.in.: rynku pracy, polityki rodzinnej, finans\u00f3w publicznych, energii i klimatu.","potentialAction":[{"@type":"SearchAction","target":{"@type":"EntryPoint","urlTemplate":"https:\/\/ibs.org.pl\/en\/?s={search_term_string}"},"query-input":{"@type":"PropertyValueSpecification","valueRequired":true,"valueName":"search_term_string"}}],"inLanguage":"en-US"}]}},"_links":{"self":[{"href":"https:\/\/ibs.org.pl\/en\/wp-json\/wp\/v2\/news\/7610","targetHints":{"allow":["GET"]}}],"collection":[{"href":"https:\/\/ibs.org.pl\/en\/wp-json\/wp\/v2\/news"}],"about":[{"href":"https:\/\/ibs.org.pl\/en\/wp-json\/wp\/v2\/types\/news"}],"wp:featuredmedia":[{"embeddable":true,"href":"https:\/\/ibs.org.pl\/en\/wp-json\/wp\/v2\/media\/5855"}],"wp:attachment":[{"href":"https:\/\/ibs.org.pl\/en\/wp-json\/wp\/v2\/media?parent=7610"}],"wp:term":[{"taxonomy":"news_type","embeddable":true,"href":"https:\/\/ibs.org.pl\/en\/wp-json\/wp\/v2\/news_type?post=7610"}],"curies":[{"name":"wp","href":"https:\/\/api.w.org\/{rel}","templated":true}]}}