{"id":7328,"date":"2018-03-13T04:48:29","date_gmt":"2018-03-13T03:48:29","guid":{"rendered":"https:\/\/ibs.org.pl\/news\/social-protection-for-workers-with-civil-law-contracts\/"},"modified":"2022-12-30T09:34:59","modified_gmt":"2022-12-30T08:34:59","slug":"social-protection-for-workers-with-civil-law-contracts","status":"publish","type":"news","link":"https:\/\/ibs.org.pl\/en\/news\/social-protection-for-workers-with-civil-law-contracts\/","title":{"rendered":"Social protection for workers with civil law contracts"},"content":{"rendered":"\n<p>he temporary employment in Poland has risen and now we have the highest share of temporary employment in the EU. Civil law contract are much less regulated than other forms of temporary contracts. According to the LFS data, in 2016 there were 510,000 people working under civil law contracts (in their main job), which is 3.1% of total employment in Poland. The majority worked solely under&nbsp;<em>a contract of mandate<\/em>&nbsp;(<em>umowa zlecenie<\/em>) &#8211; 429,000 people, and under&nbsp;<em>a contract to perform specified work<\/em>&nbsp;(<em>umowa o dzie\u0142o<\/em>) &#8211; 36,000 people. According to the Ministry of Finance data, the number of people which has been earning income only on the basis of civil law contracts has doubled since the early 2000s.<\/p>\n\n\n\n<h5 class=\"wp-block-heading\">Workers with civil law contracts and their social protection<\/h5>\n\n\n\n<p>In comparison to individuals working under employment contracts, the incidence of civil law contracts is higher among: less educated, younger workers or workers aged over 50, women (mainly because of the different education, age and occupation in comparison to men), employed in low skilled occupations and in small firms. The sectors with the highest incidence of civil law contracts are: accommodation and food services, business support services which include temporary work agencies.<\/p>\n\n\n\n<h6 class=\"wp-block-heading\"><\/h6>\n\n\n\n<figure class=\"wp-block-image size-full\"><img loading=\"lazy\" decoding=\"async\" width=\"648\" height=\"285\" src=\"https:\/\/ibs.org.pl\/wp-content\/uploads\/2022\/12\/IBS_en_13.03.2018_EC_report_1.png\" alt=\"\" class=\"wp-image-22778\" srcset=\"https:\/\/ibs.org.pl\/wp-content\/uploads\/2022\/12\/IBS_en_13.03.2018_EC_report_1.png 648w, https:\/\/ibs.org.pl\/wp-content\/uploads\/2022\/12\/IBS_en_13.03.2018_EC_report_1-300x132.png 300w\" sizes=\"auto, (max-width: 648px) 100vw, 648px\" \/><\/figure>\n\n\n\n<p><a href=\"https:\/\/ibs.org.pl\/app\/uploads\/2018\/03\/IBS_en_13.03.2018_EC_report_1.png\"><\/a>Individuals working under civil law contracts has worse access to social protection system than individuals with employment contracts. Individuals with<em>\u00a0contract of mandate<\/em>\u00a0can be exempted from social security and public health insurance contributions (in some circumstances) or can pay lower contributions. Individuals working under<em>\u00a0contract to perform specified work<\/em>\u00a0are exempted from all social security and public health insurance contributions. However, changes which have been introduced since 2015 improved the situation.<\/p>\n\n\n\n<h5 class=\"wp-block-heading\">The key challenge: expected low retirement pensions<\/h5>\n\n\n\n<p>According to estimates, the pension gap between workers with civil contract and temporary workers will be about 17%. These workers will receive lower pensions even if they spend only a share of their careers working under civil law contracts. Lower contributions paid by civil law contract workers enlarge the deficit in the pension system.<\/p>\n\n\n\n<p>On the other hand, civil law contract workers contribute more in the sickness and accident insurance contributions than they receive in sickness, carer and rehabilitation benefits, and maternity allowances. Overall, they cross-subsidise for example the self-employed. In 2016 contributions paid by people working on civil law contracts amounted to 316 mln PLN, while benefits received \u2013 244 mln PLN. The same values for self-employed amounted to 1 199 mln PLN and 2 859 mln PLN, respectively.<\/p>\n\n\n\n<figure class=\"wp-block-image size-full\"><img loading=\"lazy\" decoding=\"async\" width=\"833\" height=\"630\" src=\"https:\/\/ibs.org.pl\/wp-content\/uploads\/2022\/12\/IBS_en_13.03.2018_EC_report_2.png\" alt=\"\" class=\"wp-image-22787\" srcset=\"https:\/\/ibs.org.pl\/wp-content\/uploads\/2022\/12\/IBS_en_13.03.2018_EC_report_2.png 833w, https:\/\/ibs.org.pl\/wp-content\/uploads\/2022\/12\/IBS_en_13.03.2018_EC_report_2-300x227.png 300w, https:\/\/ibs.org.pl\/wp-content\/uploads\/2022\/12\/IBS_en_13.03.2018_EC_report_2-768x581.png 768w\" sizes=\"auto, (max-width: 833px) 100vw, 833px\" \/><\/figure>\n\n\n\n<h6 class=\"wp-block-heading\"><a href=\"https:\/\/ibs.org.pl\/app\/uploads\/2018\/03\/IBS_en_13.03.2018_EC_report_2.png\"><\/a><\/h6>\n\n\n\n<p class=\"has-text-align-center\">***<\/p>\n\n\n\n<p class=\"has-text-align-center\"><strong>The full case study<\/strong>&nbsp;could be find at&nbsp;<a href=\"http:\/\/ec.europa.eu\/social\/main.jsp?catId=738&amp;langId=en&amp;pubId=8070\" target=\"_blank\" rel=\"noreferrer noopener\">the Eurpean Commission website<\/a>.<\/p>\n\n\n\n<p class=\"has-text-align-center\"><strong>Please cite as:<\/strong><\/p>\n\n\n\n<p class=\"has-text-align-center\">Lewandowski, P. (2018).&nbsp;<em>Case study &#8211; Gaps in access to social protection for people working under civil law contracts in Poland<\/em>. European Commission.<\/p>\n","protected":false},"featured_media":5075,"template":"","news_type":[296,353],"class_list":["post-7328","news","type-news","status-publish","has-post-thumbnail","hentry","news_type-labour-market","news_type-publications"],"acf":[],"yoast_head":"<!-- This site is optimized with the Yoast SEO plugin v27.5 - https:\/\/yoast.com\/product\/yoast-seo-wordpress\/ -->\n<title>Social protection for workers with civil law contracts - IBS - Instytut Bada\u0144 Strukturalnych<\/title>\n<meta name=\"robots\" content=\"index, follow, max-snippet:-1, max-image-preview:large, max-video-preview:-1\" \/>\n<link rel=\"canonical\" href=\"https:\/\/ibs.org.pl\/en\/news\/social-protection-for-workers-with-civil-law-contracts\/\" \/>\n<meta property=\"og:locale\" content=\"en_US\" \/>\n<meta property=\"og:type\" content=\"article\" \/>\n<meta property=\"og:title\" content=\"Social protection for workers with civil law contracts - IBS - Instytut Bada\u0144 Strukturalnych\" \/>\n<meta property=\"og:description\" content=\"he temporary employment in Poland has risen and now we have the highest share of temporary employment in the EU. Civil law [&hellip;]\" \/>\n<meta property=\"og:url\" content=\"https:\/\/ibs.org.pl\/en\/news\/social-protection-for-workers-with-civil-law-contracts\/\" \/>\n<meta property=\"og:site_name\" content=\"IBS - Instytut Bada\u0144 Strukturalnych\" \/>\n<meta property=\"article:modified_time\" content=\"2022-12-30T08:34:59+00:00\" \/>\n<meta property=\"og:image\" content=\"https:\/\/ibs.org.pl\/wp-content\/uploads\/2022\/11\/EC_logo_en.png\" \/>\n\t<meta property=\"og:image:width\" content=\"550\" \/>\n\t<meta property=\"og:image:height\" content=\"348\" \/>\n\t<meta property=\"og:image:type\" content=\"image\/png\" \/>\n<meta name=\"twitter:card\" content=\"summary_large_image\" \/>\n<meta name=\"twitter:label1\" content=\"Est. reading time\" \/>\n\t<meta name=\"twitter:data1\" content=\"4 minutes\" \/>\n<script type=\"application\/ld+json\" class=\"yoast-schema-graph\">{\"@context\":\"https:\\\/\\\/schema.org\",\"@graph\":[{\"@type\":\"WebPage\",\"@id\":\"https:\\\/\\\/ibs.org.pl\\\/en\\\/news\\\/social-protection-for-workers-with-civil-law-contracts\\\/\",\"url\":\"https:\\\/\\\/ibs.org.pl\\\/en\\\/news\\\/social-protection-for-workers-with-civil-law-contracts\\\/\",\"name\":\"Social protection for workers with civil law contracts - IBS - Instytut Bada\u0144 Strukturalnych\",\"isPartOf\":{\"@id\":\"https:\\\/\\\/ibs.org.pl\\\/en\\\/#website\"},\"primaryImageOfPage\":{\"@id\":\"https:\\\/\\\/ibs.org.pl\\\/en\\\/news\\\/social-protection-for-workers-with-civil-law-contracts\\\/#primaryimage\"},\"image\":{\"@id\":\"https:\\\/\\\/ibs.org.pl\\\/en\\\/news\\\/social-protection-for-workers-with-civil-law-contracts\\\/#primaryimage\"},\"thumbnailUrl\":\"https:\\\/\\\/ibs.org.pl\\\/wp-content\\\/uploads\\\/2022\\\/11\\\/EC_logo_en.png\",\"datePublished\":\"2018-03-13T03:48:29+00:00\",\"dateModified\":\"2022-12-30T08:34:59+00:00\",\"breadcrumb\":{\"@id\":\"https:\\\/\\\/ibs.org.pl\\\/en\\\/news\\\/social-protection-for-workers-with-civil-law-contracts\\\/#breadcrumb\"},\"inLanguage\":\"en-US\",\"potentialAction\":[{\"@type\":\"ReadAction\",\"target\":[\"https:\\\/\\\/ibs.org.pl\\\/en\\\/news\\\/social-protection-for-workers-with-civil-law-contracts\\\/\"]}]},{\"@type\":\"ImageObject\",\"inLanguage\":\"en-US\",\"@id\":\"https:\\\/\\\/ibs.org.pl\\\/en\\\/news\\\/social-protection-for-workers-with-civil-law-contracts\\\/#primaryimage\",\"url\":\"https:\\\/\\\/ibs.org.pl\\\/wp-content\\\/uploads\\\/2022\\\/11\\\/EC_logo_en.png\",\"contentUrl\":\"https:\\\/\\\/ibs.org.pl\\\/wp-content\\\/uploads\\\/2022\\\/11\\\/EC_logo_en.png\",\"width\":550,\"height\":348},{\"@type\":\"BreadcrumbList\",\"@id\":\"https:\\\/\\\/ibs.org.pl\\\/en\\\/news\\\/social-protection-for-workers-with-civil-law-contracts\\\/#breadcrumb\",\"itemListElement\":[{\"@type\":\"ListItem\",\"position\":1,\"name\":\"Home\",\"item\":\"https:\\\/\\\/ibs.org.pl\\\/en\\\/\"},{\"@type\":\"ListItem\",\"position\":2,\"name\":\"Social protection for workers with civil law contracts\"}]},{\"@type\":\"WebSite\",\"@id\":\"https:\\\/\\\/ibs.org.pl\\\/en\\\/#website\",\"url\":\"https:\\\/\\\/ibs.org.pl\\\/en\\\/\",\"name\":\"IBS - Instytut Bada\u0144 Strukturalnych\",\"description\":\"Jeste\u015bmy niezale\u017cn\u0105 fundacj\u0105 naukow\u0105. Prowadzimy badania w obszarze m.in.: rynku pracy, polityki rodzinnej, finans\u00f3w publicznych, energii i klimatu.\",\"potentialAction\":[{\"@type\":\"SearchAction\",\"target\":{\"@type\":\"EntryPoint\",\"urlTemplate\":\"https:\\\/\\\/ibs.org.pl\\\/en\\\/?s={search_term_string}\"},\"query-input\":{\"@type\":\"PropertyValueSpecification\",\"valueRequired\":true,\"valueName\":\"search_term_string\"}}],\"inLanguage\":\"en-US\"}]}<\/script>\n<!-- \/ Yoast SEO plugin. -->","yoast_head_json":{"title":"Social protection for workers with civil law contracts - IBS - Instytut Bada\u0144 Strukturalnych","robots":{"index":"index","follow":"follow","max-snippet":"max-snippet:-1","max-image-preview":"max-image-preview:large","max-video-preview":"max-video-preview:-1"},"canonical":"https:\/\/ibs.org.pl\/en\/news\/social-protection-for-workers-with-civil-law-contracts\/","og_locale":"en_US","og_type":"article","og_title":"Social protection for workers with civil law contracts - IBS - Instytut Bada\u0144 Strukturalnych","og_description":"he temporary employment in Poland has risen and now we have the highest share of temporary employment in the EU. Civil law [&hellip;]","og_url":"https:\/\/ibs.org.pl\/en\/news\/social-protection-for-workers-with-civil-law-contracts\/","og_site_name":"IBS - Instytut Bada\u0144 Strukturalnych","article_modified_time":"2022-12-30T08:34:59+00:00","og_image":[{"width":550,"height":348,"url":"https:\/\/ibs.org.pl\/wp-content\/uploads\/2022\/11\/EC_logo_en.png","type":"image\/png"}],"twitter_card":"summary_large_image","twitter_misc":{"Est. reading time":"4 minutes"},"schema":{"@context":"https:\/\/schema.org","@graph":[{"@type":"WebPage","@id":"https:\/\/ibs.org.pl\/en\/news\/social-protection-for-workers-with-civil-law-contracts\/","url":"https:\/\/ibs.org.pl\/en\/news\/social-protection-for-workers-with-civil-law-contracts\/","name":"Social protection for workers with civil law contracts - IBS - Instytut Bada\u0144 Strukturalnych","isPartOf":{"@id":"https:\/\/ibs.org.pl\/en\/#website"},"primaryImageOfPage":{"@id":"https:\/\/ibs.org.pl\/en\/news\/social-protection-for-workers-with-civil-law-contracts\/#primaryimage"},"image":{"@id":"https:\/\/ibs.org.pl\/en\/news\/social-protection-for-workers-with-civil-law-contracts\/#primaryimage"},"thumbnailUrl":"https:\/\/ibs.org.pl\/wp-content\/uploads\/2022\/11\/EC_logo_en.png","datePublished":"2018-03-13T03:48:29+00:00","dateModified":"2022-12-30T08:34:59+00:00","breadcrumb":{"@id":"https:\/\/ibs.org.pl\/en\/news\/social-protection-for-workers-with-civil-law-contracts\/#breadcrumb"},"inLanguage":"en-US","potentialAction":[{"@type":"ReadAction","target":["https:\/\/ibs.org.pl\/en\/news\/social-protection-for-workers-with-civil-law-contracts\/"]}]},{"@type":"ImageObject","inLanguage":"en-US","@id":"https:\/\/ibs.org.pl\/en\/news\/social-protection-for-workers-with-civil-law-contracts\/#primaryimage","url":"https:\/\/ibs.org.pl\/wp-content\/uploads\/2022\/11\/EC_logo_en.png","contentUrl":"https:\/\/ibs.org.pl\/wp-content\/uploads\/2022\/11\/EC_logo_en.png","width":550,"height":348},{"@type":"BreadcrumbList","@id":"https:\/\/ibs.org.pl\/en\/news\/social-protection-for-workers-with-civil-law-contracts\/#breadcrumb","itemListElement":[{"@type":"ListItem","position":1,"name":"Home","item":"https:\/\/ibs.org.pl\/en\/"},{"@type":"ListItem","position":2,"name":"Social protection for workers with civil law contracts"}]},{"@type":"WebSite","@id":"https:\/\/ibs.org.pl\/en\/#website","url":"https:\/\/ibs.org.pl\/en\/","name":"IBS - Instytut Bada\u0144 Strukturalnych","description":"Jeste\u015bmy niezale\u017cn\u0105 fundacj\u0105 naukow\u0105. Prowadzimy badania w obszarze m.in.: rynku pracy, polityki rodzinnej, finans\u00f3w publicznych, energii i klimatu.","potentialAction":[{"@type":"SearchAction","target":{"@type":"EntryPoint","urlTemplate":"https:\/\/ibs.org.pl\/en\/?s={search_term_string}"},"query-input":{"@type":"PropertyValueSpecification","valueRequired":true,"valueName":"search_term_string"}}],"inLanguage":"en-US"}]}},"_links":{"self":[{"href":"https:\/\/ibs.org.pl\/en\/wp-json\/wp\/v2\/news\/7328","targetHints":{"allow":["GET"]}}],"collection":[{"href":"https:\/\/ibs.org.pl\/en\/wp-json\/wp\/v2\/news"}],"about":[{"href":"https:\/\/ibs.org.pl\/en\/wp-json\/wp\/v2\/types\/news"}],"wp:featuredmedia":[{"embeddable":true,"href":"https:\/\/ibs.org.pl\/en\/wp-json\/wp\/v2\/media\/5075"}],"wp:attachment":[{"href":"https:\/\/ibs.org.pl\/en\/wp-json\/wp\/v2\/media?parent=7328"}],"wp:term":[{"taxonomy":"news_type","embeddable":true,"href":"https:\/\/ibs.org.pl\/en\/wp-json\/wp\/v2\/news_type?post=7328"}],"curies":[{"name":"wp","href":"https:\/\/api.w.org\/{rel}","templated":true}]}}