{"id":7289,"date":"2017-12-15T04:48:29","date_gmt":"2017-12-15T03:48:29","guid":{"rendered":"https:\/\/ibs.org.pl\/news\/2017-jobs-conference-materials\/"},"modified":"2022-12-30T09:52:52","modified_gmt":"2022-12-30T08:52:52","slug":"2017-jobs-conference-materials","status":"publish","type":"news","link":"https:\/\/ibs.org.pl\/en\/news\/2017-jobs-conference-materials\/","title":{"rendered":"2017 Jobs Conference &#8211; materials"},"content":{"rendered":"\n<p>The third IBS Jobs Conference gathered over 70 researchers and policy-makers to discuss research results and policy challenges related to technological progress, demographic changes and labour.<\/p>\n\n\n\n<p>26 speakers, seven from Poland and 19 from other countries, presented their research on:<\/p>\n\n\n\n<ul class=\"wp-block-list\"><li>Jobs and wages polarization<\/li><li>Tasks and occupational change<\/li><li>Effects of ICT technology on employment and wages<\/li><li>Gender inequalities<\/li><li>Employment of older workers<\/li><\/ul>\n\n\n\n<p>On the conference website we published the summary of the event, the presentations (<a href=\"https:\/\/ibs.org.pl\/en\/events\/2017-ibs-jobs-conference-technology-demography-and-the-global-division-of-labour\/\" target=\"_blank\" rel=\"noreferrer noopener\">see<\/a>) and photo gallery (<a href=\"https:\/\/photos.app.goo.gl\/e4D9bmi2y0rT9TNj1\" target=\"_blank\" rel=\"noreferrer noopener\">see<\/a>).<\/p>\n\n\n\n<p>***<\/p>\n\n\n\n<p>We would like to thank all speakers for interesting presentations and all participants for meaningful discussion!<\/p>\n\n\n\n<figure class=\"wp-block-gallery has-nested-images columns-default is-cropped wp-block-gallery-1 is-layout-flex wp-block-gallery-is-layout-flex\">\n<figure class=\"wp-block-image size-large\"><a href=\"https:\/\/ibs.org.pl\/wp-content\/uploads\/2022\/12\/2017-IBS-Jobs-Conference_day-I_-_fot_Kuba_Kiljan_029-scaled.jpg\"><img loading=\"lazy\" decoding=\"async\" width=\"1024\" height=\"683\" data-id=\"19796\" src=\"https:\/\/ibs.org.pl\/wp-content\/uploads\/2022\/12\/2017-IBS-Jobs-Conference_day-I_-_fot_Kuba_Kiljan_029-1024x683.jpg\" alt=\"\" class=\"wp-image-19796\" srcset=\"https:\/\/ibs.org.pl\/wp-content\/uploads\/2022\/12\/2017-IBS-Jobs-Conference_day-I_-_fot_Kuba_Kiljan_029-1024x683.jpg 1024w, https:\/\/ibs.org.pl\/wp-content\/uploads\/2022\/12\/2017-IBS-Jobs-Conference_day-I_-_fot_Kuba_Kiljan_029-300x200.jpg 300w, https:\/\/ibs.org.pl\/wp-content\/uploads\/2022\/12\/2017-IBS-Jobs-Conference_day-I_-_fot_Kuba_Kiljan_029-768x512.jpg 768w, https:\/\/ibs.org.pl\/wp-content\/uploads\/2022\/12\/2017-IBS-Jobs-Conference_day-I_-_fot_Kuba_Kiljan_029-1536x1024.jpg 1536w, https:\/\/ibs.org.pl\/wp-content\/uploads\/2022\/12\/2017-IBS-Jobs-Conference_day-I_-_fot_Kuba_Kiljan_029-2048x1365.jpg 2048w\" sizes=\"auto, (max-width: 1024px) 100vw, 1024px\" \/><\/a><\/figure>\n\n\n\n<figure class=\"wp-block-image size-large\"><a href=\"https:\/\/ibs.org.pl\/wp-content\/uploads\/2022\/12\/2017-IBS-Jobs-Conference_day-I_-_fot_Kuba_Kiljan_040-scaled.jpg\"><img loading=\"lazy\" decoding=\"async\" width=\"1024\" height=\"683\" data-id=\"19787\" src=\"https:\/\/ibs.org.pl\/wp-content\/uploads\/2022\/12\/2017-IBS-Jobs-Conference_day-I_-_fot_Kuba_Kiljan_040-1024x683.jpg\" alt=\"\" class=\"wp-image-19787\" srcset=\"https:\/\/ibs.org.pl\/wp-content\/uploads\/2022\/12\/2017-IBS-Jobs-Conference_day-I_-_fot_Kuba_Kiljan_040-1024x683.jpg 1024w, https:\/\/ibs.org.pl\/wp-content\/uploads\/2022\/12\/2017-IBS-Jobs-Conference_day-I_-_fot_Kuba_Kiljan_040-300x200.jpg 300w, https:\/\/ibs.org.pl\/wp-content\/uploads\/2022\/12\/2017-IBS-Jobs-Conference_day-I_-_fot_Kuba_Kiljan_040-768x512.jpg 768w, https:\/\/ibs.org.pl\/wp-content\/uploads\/2022\/12\/2017-IBS-Jobs-Conference_day-I_-_fot_Kuba_Kiljan_040-1536x1024.jpg 1536w, https:\/\/ibs.org.pl\/wp-content\/uploads\/2022\/12\/2017-IBS-Jobs-Conference_day-I_-_fot_Kuba_Kiljan_040-2048x1365.jpg 2048w\" sizes=\"auto, (max-width: 1024px) 100vw, 1024px\" \/><\/a><\/figure>\n\n\n\n<figure class=\"wp-block-image size-large\"><a href=\"https:\/\/ibs.org.pl\/wp-content\/uploads\/2022\/12\/2017-IBS-Jobs-Conference_day-I_-_fot_Kuba_Kiljan_044-scaled.jpg\"><img loading=\"lazy\" decoding=\"async\" width=\"1024\" height=\"683\" data-id=\"19811\" src=\"https:\/\/ibs.org.pl\/wp-content\/uploads\/2022\/12\/2017-IBS-Jobs-Conference_day-I_-_fot_Kuba_Kiljan_044-1024x683.jpg\" alt=\"\" class=\"wp-image-19811\" srcset=\"https:\/\/ibs.org.pl\/wp-content\/uploads\/2022\/12\/2017-IBS-Jobs-Conference_day-I_-_fot_Kuba_Kiljan_044-1024x683.jpg 1024w, https:\/\/ibs.org.pl\/wp-content\/uploads\/2022\/12\/2017-IBS-Jobs-Conference_day-I_-_fot_Kuba_Kiljan_044-300x200.jpg 300w, https:\/\/ibs.org.pl\/wp-content\/uploads\/2022\/12\/2017-IBS-Jobs-Conference_day-I_-_fot_Kuba_Kiljan_044-768x512.jpg 768w, https:\/\/ibs.org.pl\/wp-content\/uploads\/2022\/12\/2017-IBS-Jobs-Conference_day-I_-_fot_Kuba_Kiljan_044-1536x1024.jpg 1536w, https:\/\/ibs.org.pl\/wp-content\/uploads\/2022\/12\/2017-IBS-Jobs-Conference_day-I_-_fot_Kuba_Kiljan_044-2048x1365.jpg 2048w\" sizes=\"auto, (max-width: 1024px) 100vw, 1024px\" \/><\/a><\/figure>\n\n\n\n<figure class=\"wp-block-image size-large\"><a href=\"https:\/\/ibs.org.pl\/wp-content\/uploads\/2022\/12\/2017-IBS-Jobs-Conference_day-I_-_fot_Kuba_Kiljan_114-scaled.jpg\"><img loading=\"lazy\" decoding=\"async\" width=\"1024\" height=\"683\" data-id=\"19817\" src=\"https:\/\/ibs.org.pl\/wp-content\/uploads\/2022\/12\/2017-IBS-Jobs-Conference_day-I_-_fot_Kuba_Kiljan_114-1024x683.jpg\" alt=\"\" class=\"wp-image-19817\" srcset=\"https:\/\/ibs.org.pl\/wp-content\/uploads\/2022\/12\/2017-IBS-Jobs-Conference_day-I_-_fot_Kuba_Kiljan_114-1024x683.jpg 1024w, https:\/\/ibs.org.pl\/wp-content\/uploads\/2022\/12\/2017-IBS-Jobs-Conference_day-I_-_fot_Kuba_Kiljan_114-300x200.jpg 300w, https:\/\/ibs.org.pl\/wp-content\/uploads\/2022\/12\/2017-IBS-Jobs-Conference_day-I_-_fot_Kuba_Kiljan_114-768x512.jpg 768w, https:\/\/ibs.org.pl\/wp-content\/uploads\/2022\/12\/2017-IBS-Jobs-Conference_day-I_-_fot_Kuba_Kiljan_114-1536x1024.jpg 1536w, https:\/\/ibs.org.pl\/wp-content\/uploads\/2022\/12\/2017-IBS-Jobs-Conference_day-I_-_fot_Kuba_Kiljan_114-2048x1365.jpg 2048w\" sizes=\"auto, (max-width: 1024px) 100vw, 1024px\" \/><\/a><\/figure>\n\n\n\n<figure class=\"wp-block-image size-large\"><a href=\"https:\/\/ibs.org.pl\/wp-content\/uploads\/2022\/12\/2017IBSJobsConference_speakers.jpg\"><img loading=\"lazy\" decoding=\"async\" width=\"1024\" height=\"683\" data-id=\"19805\" src=\"https:\/\/ibs.org.pl\/wp-content\/uploads\/2022\/12\/2017IBSJobsConference_speakers-1024x683.jpg\" alt=\"\" class=\"wp-image-19805\" srcset=\"https:\/\/ibs.org.pl\/wp-content\/uploads\/2022\/12\/2017IBSJobsConference_speakers-1024x683.jpg 1024w, https:\/\/ibs.org.pl\/wp-content\/uploads\/2022\/12\/2017IBSJobsConference_speakers-300x200.jpg 300w, https:\/\/ibs.org.pl\/wp-content\/uploads\/2022\/12\/2017IBSJobsConference_speakers-768x512.jpg 768w, https:\/\/ibs.org.pl\/wp-content\/uploads\/2022\/12\/2017IBSJobsConference_speakers-1536x1024.jpg 1536w, https:\/\/ibs.org.pl\/wp-content\/uploads\/2022\/12\/2017IBSJobsConference_speakers.jpg 1600w\" sizes=\"auto, (max-width: 1024px) 100vw, 1024px\" \/><\/a><\/figure>\n\n\n\n<figure class=\"wp-block-image size-large\"><a href=\"https:\/\/ibs.org.pl\/wp-content\/uploads\/2022\/12\/IMG_20171207_121312-scaled.jpg\"><img loading=\"lazy\" decoding=\"async\" width=\"1024\" height=\"683\" data-id=\"19823\" src=\"https:\/\/ibs.org.pl\/wp-content\/uploads\/2022\/12\/IMG_20171207_121312-1024x683.jpg\" alt=\"\" class=\"wp-image-19823\" srcset=\"https:\/\/ibs.org.pl\/wp-content\/uploads\/2022\/12\/IMG_20171207_121312-1024x683.jpg 1024w, https:\/\/ibs.org.pl\/wp-content\/uploads\/2022\/12\/IMG_20171207_121312-300x200.jpg 300w, https:\/\/ibs.org.pl\/wp-content\/uploads\/2022\/12\/IMG_20171207_121312-768x512.jpg 768w, https:\/\/ibs.org.pl\/wp-content\/uploads\/2022\/12\/IMG_20171207_121312-1536x1024.jpg 1536w, https:\/\/ibs.org.pl\/wp-content\/uploads\/2022\/12\/IMG_20171207_121312-2048x1365.jpg 2048w\" sizes=\"auto, (max-width: 1024px) 100vw, 1024px\" \/><\/a><\/figure>\n\n\n\n<figure class=\"wp-block-image size-large\"><a href=\"https:\/\/ibs.org.pl\/wp-content\/uploads\/2022\/12\/2017-IBS-Jobs-Conference_day-I_-_fot_Kuba_Kiljan_007-scaled.jpg\"><img loading=\"lazy\" decoding=\"async\" width=\"1024\" height=\"683\" data-id=\"19829\" src=\"https:\/\/ibs.org.pl\/wp-content\/uploads\/2022\/12\/2017-IBS-Jobs-Conference_day-I_-_fot_Kuba_Kiljan_007-1024x683.jpg\" alt=\"\" class=\"wp-image-19829\" srcset=\"https:\/\/ibs.org.pl\/wp-content\/uploads\/2022\/12\/2017-IBS-Jobs-Conference_day-I_-_fot_Kuba_Kiljan_007-1024x683.jpg 1024w, https:\/\/ibs.org.pl\/wp-content\/uploads\/2022\/12\/2017-IBS-Jobs-Conference_day-I_-_fot_Kuba_Kiljan_007-300x200.jpg 300w, https:\/\/ibs.org.pl\/wp-content\/uploads\/2022\/12\/2017-IBS-Jobs-Conference_day-I_-_fot_Kuba_Kiljan_007-768x512.jpg 768w, https:\/\/ibs.org.pl\/wp-content\/uploads\/2022\/12\/2017-IBS-Jobs-Conference_day-I_-_fot_Kuba_Kiljan_007-1536x1024.jpg 1536w, https:\/\/ibs.org.pl\/wp-content\/uploads\/2022\/12\/2017-IBS-Jobs-Conference_day-I_-_fot_Kuba_Kiljan_007-2048x1365.jpg 2048w\" sizes=\"auto, (max-width: 1024px) 100vw, 1024px\" \/><\/a><\/figure>\n<\/figure>\n\n\n\n<figure class=\"wp-block-image size-large\"><img loading=\"lazy\" decoding=\"async\" width=\"1024\" height=\"636\" src=\"https:\/\/ibs.org.pl\/wp-content\/uploads\/2022\/12\/ibs-event-jobs-pl_www-1024x636.png\" alt=\"\" class=\"wp-image-19835\" srcset=\"https:\/\/ibs.org.pl\/wp-content\/uploads\/2022\/12\/ibs-event-jobs-pl_www-1024x636.png 1024w, https:\/\/ibs.org.pl\/wp-content\/uploads\/2022\/12\/ibs-event-jobs-pl_www-300x186.png 300w, https:\/\/ibs.org.pl\/wp-content\/uploads\/2022\/12\/ibs-event-jobs-pl_www-768x477.png 768w, https:\/\/ibs.org.pl\/wp-content\/uploads\/2022\/12\/ibs-event-jobs-pl_www.png 1154w\" sizes=\"auto, (max-width: 1024px) 100vw, 1024px\" \/><\/figure>\n","protected":false},"featured_media":4973,"template":"","news_type":[371,308,296,299],"class_list":["post-7289","news","type-news","status-publish","has-post-thumbnail","hentry","news_type-demography","news_type-conference","news_type-labour-market","news_type-projects"],"acf":[],"yoast_head":"<!-- This site is optimized with the Yoast SEO plugin v27.3 - https:\/\/yoast.com\/product\/yoast-seo-wordpress\/ -->\n<title>2017 Jobs Conference - materials - IBS - Instytut Bada\u0144 Strukturalnych<\/title>\n<meta name=\"robots\" content=\"index, follow, max-snippet:-1, max-image-preview:large, max-video-preview:-1\" \/>\n<link rel=\"canonical\" href=\"https:\/\/ibs.org.pl\/en\/news\/2017-jobs-conference-materials\/\" \/>\n<meta property=\"og:locale\" content=\"en_US\" \/>\n<meta property=\"og:type\" content=\"article\" \/>\n<meta property=\"og:title\" content=\"2017 Jobs Conference - materials - IBS - Instytut Bada\u0144 Strukturalnych\" \/>\n<meta property=\"og:description\" content=\"The third IBS Jobs Conference gathered over 70 researchers and policy-makers to discuss research results and policy challenges related to technological progress, [&hellip;]\" \/>\n<meta property=\"og:url\" content=\"https:\/\/ibs.org.pl\/en\/news\/2017-jobs-conference-materials\/\" \/>\n<meta property=\"og:site_name\" content=\"IBS - Instytut Bada\u0144 Strukturalnych\" \/>\n<meta property=\"article:modified_time\" content=\"2022-12-30T08:52:52+00:00\" \/>\n<meta property=\"og:image\" content=\"https:\/\/ibs.org.pl\/wp-content\/uploads\/2022\/11\/2017-IBS-Jobs-Conference_day-I_-_fot_Kuba_Kiljan_005-scaled.jpg\" \/>\n\t<meta property=\"og:image:width\" content=\"2560\" \/>\n\t<meta property=\"og:image:height\" content=\"1707\" \/>\n\t<meta property=\"og:image:type\" content=\"image\/jpeg\" \/>\n<meta name=\"twitter:card\" content=\"summary_large_image\" \/>\n<meta name=\"twitter:label1\" content=\"Est. reading time\" \/>\n\t<meta name=\"twitter:data1\" content=\"3 minutes\" \/>\n<script type=\"application\/ld+json\" class=\"yoast-schema-graph\">{\"@context\":\"https:\\\/\\\/schema.org\",\"@graph\":[{\"@type\":\"WebPage\",\"@id\":\"https:\\\/\\\/ibs.org.pl\\\/en\\\/news\\\/2017-jobs-conference-materials\\\/\",\"url\":\"https:\\\/\\\/ibs.org.pl\\\/en\\\/news\\\/2017-jobs-conference-materials\\\/\",\"name\":\"2017 Jobs Conference - materials - IBS - Instytut Bada\u0144 Strukturalnych\",\"isPartOf\":{\"@id\":\"https:\\\/\\\/ibs.org.pl\\\/en\\\/#website\"},\"primaryImageOfPage\":{\"@id\":\"https:\\\/\\\/ibs.org.pl\\\/en\\\/news\\\/2017-jobs-conference-materials\\\/#primaryimage\"},\"image\":{\"@id\":\"https:\\\/\\\/ibs.org.pl\\\/en\\\/news\\\/2017-jobs-conference-materials\\\/#primaryimage\"},\"thumbnailUrl\":\"https:\\\/\\\/ibs.org.pl\\\/wp-content\\\/uploads\\\/2022\\\/11\\\/2017-IBS-Jobs-Conference_day-I_-_fot_Kuba_Kiljan_005-scaled.jpg\",\"datePublished\":\"2017-12-15T03:48:29+00:00\",\"dateModified\":\"2022-12-30T08:52:52+00:00\",\"breadcrumb\":{\"@id\":\"https:\\\/\\\/ibs.org.pl\\\/en\\\/news\\\/2017-jobs-conference-materials\\\/#breadcrumb\"},\"inLanguage\":\"en-US\",\"potentialAction\":[{\"@type\":\"ReadAction\",\"target\":[\"https:\\\/\\\/ibs.org.pl\\\/en\\\/news\\\/2017-jobs-conference-materials\\\/\"]}]},{\"@type\":\"ImageObject\",\"inLanguage\":\"en-US\",\"@id\":\"https:\\\/\\\/ibs.org.pl\\\/en\\\/news\\\/2017-jobs-conference-materials\\\/#primaryimage\",\"url\":\"https:\\\/\\\/ibs.org.pl\\\/wp-content\\\/uploads\\\/2022\\\/11\\\/2017-IBS-Jobs-Conference_day-I_-_fot_Kuba_Kiljan_005-scaled.jpg\",\"contentUrl\":\"https:\\\/\\\/ibs.org.pl\\\/wp-content\\\/uploads\\\/2022\\\/11\\\/2017-IBS-Jobs-Conference_day-I_-_fot_Kuba_Kiljan_005-scaled.jpg\",\"width\":2560,\"height\":1707},{\"@type\":\"BreadcrumbList\",\"@id\":\"https:\\\/\\\/ibs.org.pl\\\/en\\\/news\\\/2017-jobs-conference-materials\\\/#breadcrumb\",\"itemListElement\":[{\"@type\":\"ListItem\",\"position\":1,\"name\":\"Home\",\"item\":\"https:\\\/\\\/ibs.org.pl\\\/en\\\/\"},{\"@type\":\"ListItem\",\"position\":2,\"name\":\"2017 Jobs Conference &#8211; materials\"}]},{\"@type\":\"WebSite\",\"@id\":\"https:\\\/\\\/ibs.org.pl\\\/en\\\/#website\",\"url\":\"https:\\\/\\\/ibs.org.pl\\\/en\\\/\",\"name\":\"IBS - Instytut Bada\u0144 Strukturalnych\",\"description\":\"Jeste\u015bmy niezale\u017cn\u0105 fundacj\u0105 naukow\u0105. Prowadzimy badania w obszarze m.in.: rynku pracy, polityki rodzinnej, finans\u00f3w publicznych, energii i klimatu.\",\"potentialAction\":[{\"@type\":\"SearchAction\",\"target\":{\"@type\":\"EntryPoint\",\"urlTemplate\":\"https:\\\/\\\/ibs.org.pl\\\/en\\\/?s={search_term_string}\"},\"query-input\":{\"@type\":\"PropertyValueSpecification\",\"valueRequired\":true,\"valueName\":\"search_term_string\"}}],\"inLanguage\":\"en-US\"}]}<\/script>\n<!-- \/ Yoast SEO plugin. -->","yoast_head_json":{"title":"2017 Jobs Conference - materials - IBS - Instytut Bada\u0144 Strukturalnych","robots":{"index":"index","follow":"follow","max-snippet":"max-snippet:-1","max-image-preview":"max-image-preview:large","max-video-preview":"max-video-preview:-1"},"canonical":"https:\/\/ibs.org.pl\/en\/news\/2017-jobs-conference-materials\/","og_locale":"en_US","og_type":"article","og_title":"2017 Jobs Conference - materials - IBS - Instytut Bada\u0144 Strukturalnych","og_description":"The third IBS Jobs Conference gathered over 70 researchers and policy-makers to discuss research results and policy challenges related to technological progress, [&hellip;]","og_url":"https:\/\/ibs.org.pl\/en\/news\/2017-jobs-conference-materials\/","og_site_name":"IBS - Instytut Bada\u0144 Strukturalnych","article_modified_time":"2022-12-30T08:52:52+00:00","og_image":[{"width":2560,"height":1707,"url":"https:\/\/ibs.org.pl\/wp-content\/uploads\/2022\/11\/2017-IBS-Jobs-Conference_day-I_-_fot_Kuba_Kiljan_005-scaled.jpg","type":"image\/jpeg"}],"twitter_card":"summary_large_image","twitter_misc":{"Est. reading time":"3 minutes"},"schema":{"@context":"https:\/\/schema.org","@graph":[{"@type":"WebPage","@id":"https:\/\/ibs.org.pl\/en\/news\/2017-jobs-conference-materials\/","url":"https:\/\/ibs.org.pl\/en\/news\/2017-jobs-conference-materials\/","name":"2017 Jobs Conference - materials - IBS - Instytut Bada\u0144 Strukturalnych","isPartOf":{"@id":"https:\/\/ibs.org.pl\/en\/#website"},"primaryImageOfPage":{"@id":"https:\/\/ibs.org.pl\/en\/news\/2017-jobs-conference-materials\/#primaryimage"},"image":{"@id":"https:\/\/ibs.org.pl\/en\/news\/2017-jobs-conference-materials\/#primaryimage"},"thumbnailUrl":"https:\/\/ibs.org.pl\/wp-content\/uploads\/2022\/11\/2017-IBS-Jobs-Conference_day-I_-_fot_Kuba_Kiljan_005-scaled.jpg","datePublished":"2017-12-15T03:48:29+00:00","dateModified":"2022-12-30T08:52:52+00:00","breadcrumb":{"@id":"https:\/\/ibs.org.pl\/en\/news\/2017-jobs-conference-materials\/#breadcrumb"},"inLanguage":"en-US","potentialAction":[{"@type":"ReadAction","target":["https:\/\/ibs.org.pl\/en\/news\/2017-jobs-conference-materials\/"]}]},{"@type":"ImageObject","inLanguage":"en-US","@id":"https:\/\/ibs.org.pl\/en\/news\/2017-jobs-conference-materials\/#primaryimage","url":"https:\/\/ibs.org.pl\/wp-content\/uploads\/2022\/11\/2017-IBS-Jobs-Conference_day-I_-_fot_Kuba_Kiljan_005-scaled.jpg","contentUrl":"https:\/\/ibs.org.pl\/wp-content\/uploads\/2022\/11\/2017-IBS-Jobs-Conference_day-I_-_fot_Kuba_Kiljan_005-scaled.jpg","width":2560,"height":1707},{"@type":"BreadcrumbList","@id":"https:\/\/ibs.org.pl\/en\/news\/2017-jobs-conference-materials\/#breadcrumb","itemListElement":[{"@type":"ListItem","position":1,"name":"Home","item":"https:\/\/ibs.org.pl\/en\/"},{"@type":"ListItem","position":2,"name":"2017 Jobs Conference &#8211; materials"}]},{"@type":"WebSite","@id":"https:\/\/ibs.org.pl\/en\/#website","url":"https:\/\/ibs.org.pl\/en\/","name":"IBS - Instytut Bada\u0144 Strukturalnych","description":"Jeste\u015bmy niezale\u017cn\u0105 fundacj\u0105 naukow\u0105. Prowadzimy badania w obszarze m.in.: rynku pracy, polityki rodzinnej, finans\u00f3w publicznych, energii i klimatu.","potentialAction":[{"@type":"SearchAction","target":{"@type":"EntryPoint","urlTemplate":"https:\/\/ibs.org.pl\/en\/?s={search_term_string}"},"query-input":{"@type":"PropertyValueSpecification","valueRequired":true,"valueName":"search_term_string"}}],"inLanguage":"en-US"}]}},"_links":{"self":[{"href":"https:\/\/ibs.org.pl\/en\/wp-json\/wp\/v2\/news\/7289","targetHints":{"allow":["GET"]}}],"collection":[{"href":"https:\/\/ibs.org.pl\/en\/wp-json\/wp\/v2\/news"}],"about":[{"href":"https:\/\/ibs.org.pl\/en\/wp-json\/wp\/v2\/types\/news"}],"wp:featuredmedia":[{"embeddable":true,"href":"https:\/\/ibs.org.pl\/en\/wp-json\/wp\/v2\/media\/4973"}],"wp:attachment":[{"href":"https:\/\/ibs.org.pl\/en\/wp-json\/wp\/v2\/media?parent=7289"}],"wp:term":[{"taxonomy":"news_type","embeddable":true,"href":"https:\/\/ibs.org.pl\/en\/wp-json\/wp\/v2\/news_type?post=7289"}],"curies":[{"name":"wp","href":"https:\/\/api.w.org\/{rel}","templated":true}]}}