{"id":7163,"date":"2017-09-25T04:48:06","date_gmt":"2017-09-25T02:48:06","guid":{"rendered":"https:\/\/ibs.org.pl\/news\/energy-poverty-and-vulnerability-a-global-perspective\/"},"modified":"2022-12-30T10:32:01","modified_gmt":"2022-12-30T09:32:01","slug":"energy-poverty-and-vulnerability-a-global-perspective","status":"publish","type":"news","link":"https:\/\/ibs.org.pl\/en\/news\/energy-poverty-and-vulnerability-a-global-perspective\/","title":{"rendered":"Energy Poverty and Vulnerability &#8211; A Global Perspective"},"content":{"rendered":"\n<p>The book entitled&nbsp;<em>\u201c<a href=\"https:\/\/www.routledge.com\/Energy-Poverty-and-Vulnerability-A-Global-Perspective\/Simcock-Thomson-Petrova-Bouzarovski\/p\/book\/9781138294455\" target=\"_blank\" rel=\"noreferrer noopener\">Energy Poverty and Vulnerability &#8211; A Global Perspective\u201d<\/a><\/em>&nbsp;&nbsp;introduces a set of in-depth analyses of the drivers and consequences of energy poverty. Edited by Neil Simcock, Harriet Thomson, Saska Petrova, and Stefan Bouzarovski from the University of Manchester, UK, the book presents the latest research on energy poverty, combining different geographical and methodological perspectives. The chapters address the issue of energy poverty in such different regions like Western Balkans, England, Poland, Kenya or South Africa. The multi-faceted nature of energy poverty is analysed from different points of view, from the effect the policies may have on it, to interrogating the spatial distribution of its measures, to the effect of including young people in energy poverty research.<\/p>\n\n\n\n<p>In their chapter, M. Lis, A. Miazga, and K. Sa\u0142ach explore the regional distribution of energy poverty in Poland and analyse its drivers. They find that rural areas are more susceptible to issues with energy affordability, as defined by the \u2018Low Income High Costs\u2019 (LIHC) indicator, whilst urban areas\u2019 inhabitants more frequently face lack of adequate thermal comfort indoors, as defined by subjective perceptions of households. Lis, Miazga and Sa\u0142ach argue that spatial variations in energy efficiency of building stock, prices of energy carriers, household incomes, and average outdoor temperatures explain these regional inequalities.<\/p>\n\n\n<div class=\"wp-block-image\">\n<figure class=\"aligncenter size-full\"><img loading=\"lazy\" decoding=\"async\" width=\"278\" height=\"425\" src=\"https:\/\/ibs.org.pl\/wp-content\/uploads\/2022\/12\/Energy-Poverty-and-Vulnerability_cover-1.jpg\" alt=\"\" class=\"wp-image-23000\" srcset=\"https:\/\/ibs.org.pl\/wp-content\/uploads\/2022\/12\/Energy-Poverty-and-Vulnerability_cover-1.jpg 278w, https:\/\/ibs.org.pl\/wp-content\/uploads\/2022\/12\/Energy-Poverty-and-Vulnerability_cover-1-196x300.jpg 196w\" sizes=\"auto, (max-width: 278px) 100vw, 278px\" \/><\/figure>\n<\/div>","protected":false},"featured_media":4748,"template":"","news_type":[356],"class_list":["post-7163","news","type-news","status-publish","has-post-thumbnail","hentry","news_type-publication"],"acf":[],"yoast_head":"<!-- This site is optimized with the Yoast SEO plugin v27.3 - https:\/\/yoast.com\/product\/yoast-seo-wordpress\/ -->\n<title>Energy Poverty and Vulnerability - A Global Perspective - IBS - Instytut Bada\u0144 Strukturalnych<\/title>\n<meta name=\"robots\" content=\"index, follow, max-snippet:-1, max-image-preview:large, max-video-preview:-1\" \/>\n<link rel=\"canonical\" href=\"https:\/\/ibs.org.pl\/en\/news\/energy-poverty-and-vulnerability-a-global-perspective\/\" \/>\n<meta property=\"og:locale\" content=\"en_US\" \/>\n<meta property=\"og:type\" content=\"article\" \/>\n<meta property=\"og:title\" content=\"Energy Poverty and Vulnerability - A Global Perspective - IBS - Instytut Bada\u0144 Strukturalnych\" \/>\n<meta property=\"og:description\" content=\"The book entitled&nbsp;\u201cEnergy Poverty and Vulnerability &#8211; A Global Perspective\u201d&nbsp;&nbsp;introduces a set of in-depth analyses of the drivers and consequences of energy [&hellip;]\" \/>\n<meta property=\"og:url\" content=\"https:\/\/ibs.org.pl\/en\/news\/energy-poverty-and-vulnerability-a-global-perspective\/\" \/>\n<meta property=\"og:site_name\" content=\"IBS - Instytut Bada\u0144 Strukturalnych\" \/>\n<meta property=\"article:modified_time\" content=\"2022-12-30T09:32:01+00:00\" \/>\n<meta property=\"og:image\" content=\"https:\/\/ibs.org.pl\/wp-content\/uploads\/2022\/11\/Energy-Poverty-and-Vulnerability_cover_www.jpg\" \/>\n\t<meta property=\"og:image:width\" content=\"343\" \/>\n\t<meta property=\"og:image:height\" content=\"207\" \/>\n\t<meta property=\"og:image:type\" content=\"image\/jpeg\" \/>\n<meta name=\"twitter:card\" content=\"summary_large_image\" \/>\n<meta name=\"twitter:label1\" content=\"Est. reading time\" \/>\n\t<meta name=\"twitter:data1\" content=\"2 minutes\" \/>\n<script type=\"application\/ld+json\" class=\"yoast-schema-graph\">{\"@context\":\"https:\\\/\\\/schema.org\",\"@graph\":[{\"@type\":\"WebPage\",\"@id\":\"https:\\\/\\\/ibs.org.pl\\\/en\\\/news\\\/energy-poverty-and-vulnerability-a-global-perspective\\\/\",\"url\":\"https:\\\/\\\/ibs.org.pl\\\/en\\\/news\\\/energy-poverty-and-vulnerability-a-global-perspective\\\/\",\"name\":\"Energy Poverty and Vulnerability - A Global Perspective - IBS - Instytut Bada\u0144 Strukturalnych\",\"isPartOf\":{\"@id\":\"https:\\\/\\\/ibs.org.pl\\\/en\\\/#website\"},\"primaryImageOfPage\":{\"@id\":\"https:\\\/\\\/ibs.org.pl\\\/en\\\/news\\\/energy-poverty-and-vulnerability-a-global-perspective\\\/#primaryimage\"},\"image\":{\"@id\":\"https:\\\/\\\/ibs.org.pl\\\/en\\\/news\\\/energy-poverty-and-vulnerability-a-global-perspective\\\/#primaryimage\"},\"thumbnailUrl\":\"https:\\\/\\\/ibs.org.pl\\\/wp-content\\\/uploads\\\/2022\\\/11\\\/Energy-Poverty-and-Vulnerability_cover_www.jpg\",\"datePublished\":\"2017-09-25T02:48:06+00:00\",\"dateModified\":\"2022-12-30T09:32:01+00:00\",\"breadcrumb\":{\"@id\":\"https:\\\/\\\/ibs.org.pl\\\/en\\\/news\\\/energy-poverty-and-vulnerability-a-global-perspective\\\/#breadcrumb\"},\"inLanguage\":\"en-US\",\"potentialAction\":[{\"@type\":\"ReadAction\",\"target\":[\"https:\\\/\\\/ibs.org.pl\\\/en\\\/news\\\/energy-poverty-and-vulnerability-a-global-perspective\\\/\"]}]},{\"@type\":\"ImageObject\",\"inLanguage\":\"en-US\",\"@id\":\"https:\\\/\\\/ibs.org.pl\\\/en\\\/news\\\/energy-poverty-and-vulnerability-a-global-perspective\\\/#primaryimage\",\"url\":\"https:\\\/\\\/ibs.org.pl\\\/wp-content\\\/uploads\\\/2022\\\/11\\\/Energy-Poverty-and-Vulnerability_cover_www.jpg\",\"contentUrl\":\"https:\\\/\\\/ibs.org.pl\\\/wp-content\\\/uploads\\\/2022\\\/11\\\/Energy-Poverty-and-Vulnerability_cover_www.jpg\",\"width\":343,\"height\":207},{\"@type\":\"BreadcrumbList\",\"@id\":\"https:\\\/\\\/ibs.org.pl\\\/en\\\/news\\\/energy-poverty-and-vulnerability-a-global-perspective\\\/#breadcrumb\",\"itemListElement\":[{\"@type\":\"ListItem\",\"position\":1,\"name\":\"Home\",\"item\":\"https:\\\/\\\/ibs.org.pl\\\/en\\\/\"},{\"@type\":\"ListItem\",\"position\":2,\"name\":\"Energy Poverty and Vulnerability &#8211; A Global Perspective\"}]},{\"@type\":\"WebSite\",\"@id\":\"https:\\\/\\\/ibs.org.pl\\\/en\\\/#website\",\"url\":\"https:\\\/\\\/ibs.org.pl\\\/en\\\/\",\"name\":\"IBS - Instytut Bada\u0144 Strukturalnych\",\"description\":\"Jeste\u015bmy niezale\u017cn\u0105 fundacj\u0105 naukow\u0105. Prowadzimy badania w obszarze m.in.: rynku pracy, polityki rodzinnej, finans\u00f3w publicznych, energii i klimatu.\",\"potentialAction\":[{\"@type\":\"SearchAction\",\"target\":{\"@type\":\"EntryPoint\",\"urlTemplate\":\"https:\\\/\\\/ibs.org.pl\\\/en\\\/?s={search_term_string}\"},\"query-input\":{\"@type\":\"PropertyValueSpecification\",\"valueRequired\":true,\"valueName\":\"search_term_string\"}}],\"inLanguage\":\"en-US\"}]}<\/script>\n<!-- \/ Yoast SEO plugin. -->","yoast_head_json":{"title":"Energy Poverty and Vulnerability - A Global Perspective - IBS - Instytut Bada\u0144 Strukturalnych","robots":{"index":"index","follow":"follow","max-snippet":"max-snippet:-1","max-image-preview":"max-image-preview:large","max-video-preview":"max-video-preview:-1"},"canonical":"https:\/\/ibs.org.pl\/en\/news\/energy-poverty-and-vulnerability-a-global-perspective\/","og_locale":"en_US","og_type":"article","og_title":"Energy Poverty and Vulnerability - A Global Perspective - IBS - Instytut Bada\u0144 Strukturalnych","og_description":"The book entitled&nbsp;\u201cEnergy Poverty and Vulnerability &#8211; A Global Perspective\u201d&nbsp;&nbsp;introduces a set of in-depth analyses of the drivers and consequences of energy [&hellip;]","og_url":"https:\/\/ibs.org.pl\/en\/news\/energy-poverty-and-vulnerability-a-global-perspective\/","og_site_name":"IBS - Instytut Bada\u0144 Strukturalnych","article_modified_time":"2022-12-30T09:32:01+00:00","og_image":[{"width":343,"height":207,"url":"https:\/\/ibs.org.pl\/wp-content\/uploads\/2022\/11\/Energy-Poverty-and-Vulnerability_cover_www.jpg","type":"image\/jpeg"}],"twitter_card":"summary_large_image","twitter_misc":{"Est. reading time":"2 minutes"},"schema":{"@context":"https:\/\/schema.org","@graph":[{"@type":"WebPage","@id":"https:\/\/ibs.org.pl\/en\/news\/energy-poverty-and-vulnerability-a-global-perspective\/","url":"https:\/\/ibs.org.pl\/en\/news\/energy-poverty-and-vulnerability-a-global-perspective\/","name":"Energy Poverty and Vulnerability - A Global Perspective - IBS - Instytut Bada\u0144 Strukturalnych","isPartOf":{"@id":"https:\/\/ibs.org.pl\/en\/#website"},"primaryImageOfPage":{"@id":"https:\/\/ibs.org.pl\/en\/news\/energy-poverty-and-vulnerability-a-global-perspective\/#primaryimage"},"image":{"@id":"https:\/\/ibs.org.pl\/en\/news\/energy-poverty-and-vulnerability-a-global-perspective\/#primaryimage"},"thumbnailUrl":"https:\/\/ibs.org.pl\/wp-content\/uploads\/2022\/11\/Energy-Poverty-and-Vulnerability_cover_www.jpg","datePublished":"2017-09-25T02:48:06+00:00","dateModified":"2022-12-30T09:32:01+00:00","breadcrumb":{"@id":"https:\/\/ibs.org.pl\/en\/news\/energy-poverty-and-vulnerability-a-global-perspective\/#breadcrumb"},"inLanguage":"en-US","potentialAction":[{"@type":"ReadAction","target":["https:\/\/ibs.org.pl\/en\/news\/energy-poverty-and-vulnerability-a-global-perspective\/"]}]},{"@type":"ImageObject","inLanguage":"en-US","@id":"https:\/\/ibs.org.pl\/en\/news\/energy-poverty-and-vulnerability-a-global-perspective\/#primaryimage","url":"https:\/\/ibs.org.pl\/wp-content\/uploads\/2022\/11\/Energy-Poverty-and-Vulnerability_cover_www.jpg","contentUrl":"https:\/\/ibs.org.pl\/wp-content\/uploads\/2022\/11\/Energy-Poverty-and-Vulnerability_cover_www.jpg","width":343,"height":207},{"@type":"BreadcrumbList","@id":"https:\/\/ibs.org.pl\/en\/news\/energy-poverty-and-vulnerability-a-global-perspective\/#breadcrumb","itemListElement":[{"@type":"ListItem","position":1,"name":"Home","item":"https:\/\/ibs.org.pl\/en\/"},{"@type":"ListItem","position":2,"name":"Energy Poverty and Vulnerability &#8211; A Global Perspective"}]},{"@type":"WebSite","@id":"https:\/\/ibs.org.pl\/en\/#website","url":"https:\/\/ibs.org.pl\/en\/","name":"IBS - Instytut Bada\u0144 Strukturalnych","description":"Jeste\u015bmy niezale\u017cn\u0105 fundacj\u0105 naukow\u0105. Prowadzimy badania w obszarze m.in.: rynku pracy, polityki rodzinnej, finans\u00f3w publicznych, energii i klimatu.","potentialAction":[{"@type":"SearchAction","target":{"@type":"EntryPoint","urlTemplate":"https:\/\/ibs.org.pl\/en\/?s={search_term_string}"},"query-input":{"@type":"PropertyValueSpecification","valueRequired":true,"valueName":"search_term_string"}}],"inLanguage":"en-US"}]}},"_links":{"self":[{"href":"https:\/\/ibs.org.pl\/en\/wp-json\/wp\/v2\/news\/7163","targetHints":{"allow":["GET"]}}],"collection":[{"href":"https:\/\/ibs.org.pl\/en\/wp-json\/wp\/v2\/news"}],"about":[{"href":"https:\/\/ibs.org.pl\/en\/wp-json\/wp\/v2\/types\/news"}],"wp:featuredmedia":[{"embeddable":true,"href":"https:\/\/ibs.org.pl\/en\/wp-json\/wp\/v2\/media\/4748"}],"wp:attachment":[{"href":"https:\/\/ibs.org.pl\/en\/wp-json\/wp\/v2\/media?parent=7163"}],"wp:term":[{"taxonomy":"news_type","embeddable":true,"href":"https:\/\/ibs.org.pl\/en\/wp-json\/wp\/v2\/news_type?post=7163"}],"curies":[{"name":"wp","href":"https:\/\/api.w.org\/{rel}","templated":true}]}}