{"id":7001,"date":"2017-09-20T04:48:06","date_gmt":"2017-09-20T02:48:06","guid":{"rendered":"https:\/\/ibs.org.pl\/news\/the-role-of-trade-unions-in-central-and-eastern-europe\/"},"modified":"2022-12-30T10:34:13","modified_gmt":"2022-12-30T09:34:13","slug":"risks-of-low-carbon-transition-in-poland","status":"publish","type":"news","link":"https:\/\/ibs.org.pl\/en\/news\/risks-of-low-carbon-transition-in-poland\/","title":{"rendered":"Risks of low-carbon transition in Poland"},"content":{"rendered":"\n<p>The purpose of the seminar is to present the potential low-carbon transition pathways and their consequences for the labour market, innovativeness of the economy and the energy security of the country. The issue of a transition to low-carbon economy raises doubts among politicians as well as representatives of industry and economists. On the one hand it allows for the reduction of emissions and participation in the development of fast growing technologies. On the other hand, it could reduce the demand for jobs in mining sector, increase energy system costs and limit the energy security.<\/p>\n\n\n\n<h6 class=\"wp-block-heading\"><\/h6>\n\n\n\n<p>During the seminar, researchers from Poland, Switzerland and Greece &nbsp;will present the results of their research on the low-carbon transition. The list of speakers includes:<\/p>\n\n\n\n<ul class=\"wp-block-list\"><li><strong>prof. W\u0142adys\u0142aw Mielczarski<\/strong>&nbsp;(\u0141\u00f3d\u017a University of Technology \u2013 P\u0141),<\/li><li><strong>dr Oscar Van Vliet<\/strong>&nbsp;(Swiss Federal Institute of Technology in Zurich \u2013 ETH Zurich),<\/li><li><strong>Paula Diaz<\/strong>&nbsp;(Swiss Federal Institute of Technology in Zurich \u2013 ETH Zurich),<\/li><li><strong>prof. Haris Doukas<\/strong>&nbsp;(National Technical University of Athens \u2013 NTUA),<\/li><li><strong>Alexandros Nikas<\/strong>&nbsp;(National Technical University of Athens \u2013 NTUA),<\/li><li><strong>dr hab. Karolina Safarzy\u0144ska<\/strong>&nbsp;(University of Warsaw \u2013 UW),<\/li><li><strong>dr Artur Wyrwa<\/strong>&nbsp;(AGH University of Science and Technology),<\/li><li><strong>Marek Antosiewicz<\/strong>&nbsp;(Institute for Structural Research \u2013 IBS),<\/li><li><strong>dr Jan Witajewski-Baltvilks<\/strong>&nbsp;(Institute for Structural Research \u2013 IBS).<\/li><\/ul>\n\n\n\n<h5 class=\"wp-block-heading\"><em>Fuzzy Cognitive Mapping<\/em>&nbsp;Workshops<\/h5>\n\n\n\n<p>One of the elements of the meeting will be the workshop based on the method developed on the National Technical University of Athens. The aim of the workshop will be to collect the opinions of stakeholders on the most important risks associated with the low-carbon transition as well as the risks associated with preserving the status-quo.<\/p>\n\n\n\n<p>We hope that the \u00a0discussion between different stakeholders groups: public administration, trade unions, industry representatives, NGOs and academics will allow to better assess risks and design public policies.<\/p>\n\n\n\n<p class=\"has-text-align-center\">We encourage you to read the detailed programme on the seminar webpage (<a href=\"https:\/\/ibs.org.pl\/en\/events\/risks-of-low-carbon-transition-in-poland\/\" target=\"_blank\" rel=\"noreferrer noopener\">link<\/a>).<\/p>\n\n\n\n<p class=\"has-text-align-center\">***<\/p>\n\n\n\n<p class=\"has-text-align-center\">The seminar will be held on\u00a0<strong>October 12<\/strong>\u00a0\u00a0(hour: 12:30-17:00) in the Conference Center \u201cOgrodowa 58\u201d in Warsaw (Ogrodowa 58 Str.; 10 minutes walk from the &#8220;Rondo Daszy\u0144skiego&#8221; metro station). Please confirm your participation by the website:\u00a0<a href=\"https:\/\/seminariumtransrisk-en.konfeo.com\/\" target=\"_blank\" rel=\"noreferrer noopener\">https:\/\/seminariumTRANSrisk-en.konfeo.com<\/a>\u00a0by\u00a0<strong>October 6<\/strong>.<\/p>\n\n\n\n<p class=\"has-text-align-center\">***<\/p>\n\n\n\n<p>The seminar is financially supported by the TRANSrisk project funded from the European Union\u2019s Horizon 2020 (under grant agreement no 642260) and by the Minister of Science and Higher Education in Poland from resources&nbsp; for science dissemination (No. 892\/P-DUN\/2017).<\/p>\n\n\n<div class=\"wp-block-image\">\n<figure class=\"aligncenter size-full\"><img loading=\"lazy\" decoding=\"async\" width=\"600\" height=\"119\" src=\"https:\/\/ibs.org.pl\/wp-content\/uploads\/2022\/12\/Transrisk_MNiSW_loga_en2.jpg\" alt=\"\" class=\"wp-image-23006\" srcset=\"https:\/\/ibs.org.pl\/wp-content\/uploads\/2022\/12\/Transrisk_MNiSW_loga_en2.jpg 600w, https:\/\/ibs.org.pl\/wp-content\/uploads\/2022\/12\/Transrisk_MNiSW_loga_en2-300x60.jpg 300w\" sizes=\"auto, (max-width: 600px) 100vw, 600px\" \/><\/figure>\n<\/div>","protected":false},"featured_media":4718,"template":"","news_type":[329],"class_list":["post-7001","news","type-news","status-publish","has-post-thumbnail","hentry","news_type-events"],"acf":[],"yoast_head":"<!-- This site is optimized with the Yoast SEO plugin v27.5 - https:\/\/yoast.com\/product\/yoast-seo-wordpress\/ -->\n<title>Risks of low-carbon transition in Poland - IBS - Instytut Bada\u0144 Strukturalnych<\/title>\n<meta name=\"robots\" content=\"index, follow, max-snippet:-1, max-image-preview:large, max-video-preview:-1\" \/>\n<link rel=\"canonical\" href=\"https:\/\/ibs.org.pl\/en\/news\/risks-of-low-carbon-transition-in-poland\/\" \/>\n<meta property=\"og:locale\" content=\"en_US\" \/>\n<meta property=\"og:type\" content=\"article\" \/>\n<meta property=\"og:title\" content=\"Risks of low-carbon transition in Poland - IBS - Instytut Bada\u0144 Strukturalnych\" \/>\n<meta property=\"og:description\" content=\"The purpose of the seminar is to present the potential low-carbon transition pathways and their consequences for the labour market, innovativeness of [&hellip;]\" \/>\n<meta property=\"og:url\" content=\"https:\/\/ibs.org.pl\/en\/news\/risks-of-low-carbon-transition-in-poland\/\" \/>\n<meta property=\"og:site_name\" content=\"IBS - Instytut Bada\u0144 Strukturalnych\" \/>\n<meta property=\"article:modified_time\" content=\"2022-12-30T09:34:13+00:00\" \/>\n<meta property=\"og:image\" content=\"https:\/\/ibs.org.pl\/wp-content\/uploads\/2022\/11\/wind-power-plants-2686454_640.jpg\" \/>\n\t<meta property=\"og:image:width\" content=\"640\" \/>\n\t<meta property=\"og:image:height\" content=\"480\" \/>\n\t<meta property=\"og:image:type\" content=\"image\/jpeg\" \/>\n<meta name=\"twitter:card\" content=\"summary_large_image\" \/>\n<meta name=\"twitter:label1\" content=\"Est. reading time\" \/>\n\t<meta name=\"twitter:data1\" content=\"3 minutes\" \/>\n<script type=\"application\/ld+json\" class=\"yoast-schema-graph\">{\"@context\":\"https:\\\/\\\/schema.org\",\"@graph\":[{\"@type\":\"WebPage\",\"@id\":\"https:\\\/\\\/ibs.org.pl\\\/en\\\/news\\\/risks-of-low-carbon-transition-in-poland\\\/\",\"url\":\"https:\\\/\\\/ibs.org.pl\\\/en\\\/news\\\/risks-of-low-carbon-transition-in-poland\\\/\",\"name\":\"Risks of low-carbon transition in Poland - IBS - Instytut Bada\u0144 Strukturalnych\",\"isPartOf\":{\"@id\":\"https:\\\/\\\/ibs.org.pl\\\/en\\\/#website\"},\"primaryImageOfPage\":{\"@id\":\"https:\\\/\\\/ibs.org.pl\\\/en\\\/news\\\/risks-of-low-carbon-transition-in-poland\\\/#primaryimage\"},\"image\":{\"@id\":\"https:\\\/\\\/ibs.org.pl\\\/en\\\/news\\\/risks-of-low-carbon-transition-in-poland\\\/#primaryimage\"},\"thumbnailUrl\":\"https:\\\/\\\/ibs.org.pl\\\/wp-content\\\/uploads\\\/2022\\\/11\\\/wind-power-plants-2686454_640.jpg\",\"datePublished\":\"2017-09-20T02:48:06+00:00\",\"dateModified\":\"2022-12-30T09:34:13+00:00\",\"breadcrumb\":{\"@id\":\"https:\\\/\\\/ibs.org.pl\\\/en\\\/news\\\/risks-of-low-carbon-transition-in-poland\\\/#breadcrumb\"},\"inLanguage\":\"en-US\",\"potentialAction\":[{\"@type\":\"ReadAction\",\"target\":[\"https:\\\/\\\/ibs.org.pl\\\/en\\\/news\\\/risks-of-low-carbon-transition-in-poland\\\/\"]}]},{\"@type\":\"ImageObject\",\"inLanguage\":\"en-US\",\"@id\":\"https:\\\/\\\/ibs.org.pl\\\/en\\\/news\\\/risks-of-low-carbon-transition-in-poland\\\/#primaryimage\",\"url\":\"https:\\\/\\\/ibs.org.pl\\\/wp-content\\\/uploads\\\/2022\\\/11\\\/wind-power-plants-2686454_640.jpg\",\"contentUrl\":\"https:\\\/\\\/ibs.org.pl\\\/wp-content\\\/uploads\\\/2022\\\/11\\\/wind-power-plants-2686454_640.jpg\",\"width\":640,\"height\":480},{\"@type\":\"BreadcrumbList\",\"@id\":\"https:\\\/\\\/ibs.org.pl\\\/en\\\/news\\\/risks-of-low-carbon-transition-in-poland\\\/#breadcrumb\",\"itemListElement\":[{\"@type\":\"ListItem\",\"position\":1,\"name\":\"Home\",\"item\":\"https:\\\/\\\/ibs.org.pl\\\/en\\\/\"},{\"@type\":\"ListItem\",\"position\":2,\"name\":\"Risks of low-carbon transition in Poland\"}]},{\"@type\":\"WebSite\",\"@id\":\"https:\\\/\\\/ibs.org.pl\\\/en\\\/#website\",\"url\":\"https:\\\/\\\/ibs.org.pl\\\/en\\\/\",\"name\":\"IBS - Instytut Bada\u0144 Strukturalnych\",\"description\":\"Jeste\u015bmy niezale\u017cn\u0105 fundacj\u0105 naukow\u0105. Prowadzimy badania w obszarze m.in.: rynku pracy, polityki rodzinnej, finans\u00f3w publicznych, energii i klimatu.\",\"potentialAction\":[{\"@type\":\"SearchAction\",\"target\":{\"@type\":\"EntryPoint\",\"urlTemplate\":\"https:\\\/\\\/ibs.org.pl\\\/en\\\/?s={search_term_string}\"},\"query-input\":{\"@type\":\"PropertyValueSpecification\",\"valueRequired\":true,\"valueName\":\"search_term_string\"}}],\"inLanguage\":\"en-US\"}]}<\/script>\n<!-- \/ Yoast SEO plugin. -->","yoast_head_json":{"title":"Risks of low-carbon transition in Poland - IBS - Instytut Bada\u0144 Strukturalnych","robots":{"index":"index","follow":"follow","max-snippet":"max-snippet:-1","max-image-preview":"max-image-preview:large","max-video-preview":"max-video-preview:-1"},"canonical":"https:\/\/ibs.org.pl\/en\/news\/risks-of-low-carbon-transition-in-poland\/","og_locale":"en_US","og_type":"article","og_title":"Risks of low-carbon transition in Poland - IBS - Instytut Bada\u0144 Strukturalnych","og_description":"The purpose of the seminar is to present the potential low-carbon transition pathways and their consequences for the labour market, innovativeness of [&hellip;]","og_url":"https:\/\/ibs.org.pl\/en\/news\/risks-of-low-carbon-transition-in-poland\/","og_site_name":"IBS - Instytut Bada\u0144 Strukturalnych","article_modified_time":"2022-12-30T09:34:13+00:00","og_image":[{"width":640,"height":480,"url":"https:\/\/ibs.org.pl\/wp-content\/uploads\/2022\/11\/wind-power-plants-2686454_640.jpg","type":"image\/jpeg"}],"twitter_card":"summary_large_image","twitter_misc":{"Est. reading time":"3 minutes"},"schema":{"@context":"https:\/\/schema.org","@graph":[{"@type":"WebPage","@id":"https:\/\/ibs.org.pl\/en\/news\/risks-of-low-carbon-transition-in-poland\/","url":"https:\/\/ibs.org.pl\/en\/news\/risks-of-low-carbon-transition-in-poland\/","name":"Risks of low-carbon transition in Poland - IBS - Instytut Bada\u0144 Strukturalnych","isPartOf":{"@id":"https:\/\/ibs.org.pl\/en\/#website"},"primaryImageOfPage":{"@id":"https:\/\/ibs.org.pl\/en\/news\/risks-of-low-carbon-transition-in-poland\/#primaryimage"},"image":{"@id":"https:\/\/ibs.org.pl\/en\/news\/risks-of-low-carbon-transition-in-poland\/#primaryimage"},"thumbnailUrl":"https:\/\/ibs.org.pl\/wp-content\/uploads\/2022\/11\/wind-power-plants-2686454_640.jpg","datePublished":"2017-09-20T02:48:06+00:00","dateModified":"2022-12-30T09:34:13+00:00","breadcrumb":{"@id":"https:\/\/ibs.org.pl\/en\/news\/risks-of-low-carbon-transition-in-poland\/#breadcrumb"},"inLanguage":"en-US","potentialAction":[{"@type":"ReadAction","target":["https:\/\/ibs.org.pl\/en\/news\/risks-of-low-carbon-transition-in-poland\/"]}]},{"@type":"ImageObject","inLanguage":"en-US","@id":"https:\/\/ibs.org.pl\/en\/news\/risks-of-low-carbon-transition-in-poland\/#primaryimage","url":"https:\/\/ibs.org.pl\/wp-content\/uploads\/2022\/11\/wind-power-plants-2686454_640.jpg","contentUrl":"https:\/\/ibs.org.pl\/wp-content\/uploads\/2022\/11\/wind-power-plants-2686454_640.jpg","width":640,"height":480},{"@type":"BreadcrumbList","@id":"https:\/\/ibs.org.pl\/en\/news\/risks-of-low-carbon-transition-in-poland\/#breadcrumb","itemListElement":[{"@type":"ListItem","position":1,"name":"Home","item":"https:\/\/ibs.org.pl\/en\/"},{"@type":"ListItem","position":2,"name":"Risks of low-carbon transition in Poland"}]},{"@type":"WebSite","@id":"https:\/\/ibs.org.pl\/en\/#website","url":"https:\/\/ibs.org.pl\/en\/","name":"IBS - Instytut Bada\u0144 Strukturalnych","description":"Jeste\u015bmy niezale\u017cn\u0105 fundacj\u0105 naukow\u0105. Prowadzimy badania w obszarze m.in.: rynku pracy, polityki rodzinnej, finans\u00f3w publicznych, energii i klimatu.","potentialAction":[{"@type":"SearchAction","target":{"@type":"EntryPoint","urlTemplate":"https:\/\/ibs.org.pl\/en\/?s={search_term_string}"},"query-input":{"@type":"PropertyValueSpecification","valueRequired":true,"valueName":"search_term_string"}}],"inLanguage":"en-US"}]}},"_links":{"self":[{"href":"https:\/\/ibs.org.pl\/en\/wp-json\/wp\/v2\/news\/7001","targetHints":{"allow":["GET"]}}],"collection":[{"href":"https:\/\/ibs.org.pl\/en\/wp-json\/wp\/v2\/news"}],"about":[{"href":"https:\/\/ibs.org.pl\/en\/wp-json\/wp\/v2\/types\/news"}],"wp:featuredmedia":[{"embeddable":true,"href":"https:\/\/ibs.org.pl\/en\/wp-json\/wp\/v2\/media\/4718"}],"wp:attachment":[{"href":"https:\/\/ibs.org.pl\/en\/wp-json\/wp\/v2\/media?parent=7001"}],"wp:term":[{"taxonomy":"news_type","embeddable":true,"href":"https:\/\/ibs.org.pl\/en\/wp-json\/wp\/v2\/news_type?post=7001"}],"curies":[{"name":"wp","href":"https:\/\/api.w.org\/{rel}","templated":true}]}}