{"id":49751,"date":"2025-04-25T10:00:24","date_gmt":"2025-04-25T08:00:24","guid":{"rendered":"https:\/\/ibs.org.pl\/?post_type=news&#038;p=49751"},"modified":"2025-04-25T20:48:57","modified_gmt":"2025-04-25T18:48:57","slug":"elmi-2025-conference","status":"publish","type":"news","link":"https:\/\/ibs.org.pl\/en\/news\/elmi-2025-conference\/","title":{"rendered":"ELMI 2025 Conference in Warsaw"},"content":{"rendered":"\n<div style=\"height:30px\" aria-hidden=\"true\" class=\"wp-block-spacer\"><\/div>\n\n\n\n<div class=\"wp-block-columns is-layout-flex wp-container-core-columns-is-layout-9d6595d7 wp-block-columns-is-layout-flex\">\n<div class=\"wp-block-column is-vertically-aligned-center is-layout-flow wp-block-column-is-layout-flow\" style=\"flex-basis:66.66%\">\n<p>The ELMI (Network of European Labour Market Research Institutes) is a scientific network of 11 research institutes (<a href=\"http:\/\/www.elmi-network.eu\/\">elmi-network.eu<\/a>). ELMI cooperates in joint events, knowledge exchange, and the development of young scientists.<\/p>\n<\/div>\n\n\n\n<div class=\"wp-block-column is-layout-flow wp-block-column-is-layout-flow\" style=\"flex-basis:33.33%\">\n<figure class=\"wp-block-image size-large\"><img loading=\"lazy\" decoding=\"async\" width=\"1024\" height=\"439\" src=\"https:\/\/ibs.org.pl\/wp-content\/uploads\/2025\/04\/ELMI-logo-1024x439.jpg\" alt=\"\" class=\"wp-image-49764\" srcset=\"https:\/\/ibs.org.pl\/wp-content\/uploads\/2025\/04\/ELMI-logo-1024x439.jpg 1024w, https:\/\/ibs.org.pl\/wp-content\/uploads\/2025\/04\/ELMI-logo-300x129.jpg 300w, https:\/\/ibs.org.pl\/wp-content\/uploads\/2025\/04\/ELMI-logo-768x329.jpg 768w, https:\/\/ibs.org.pl\/wp-content\/uploads\/2025\/04\/ELMI-logo-1536x659.jpg 1536w, https:\/\/ibs.org.pl\/wp-content\/uploads\/2025\/04\/ELMI-logo-2048x878.jpg 2048w\" sizes=\"auto, (max-width: 1024px) 100vw, 1024px\" \/><\/figure>\n<\/div>\n<\/div>\n\n\n\n<p>These activities aim to improve network members&#8217; access to data and discuss policy-relevant issues and practices. Regular information exchange within the network facilitates mutual learning on pan-European labour market issues. It promotes multidisciplinary research cooperation in Europe and the exchange of best practices in data management, data access and discussions with policymakers and stakeholders.<\/p>\n\n\n\n<div class=\"wp-block-columns are-vertically-aligned-center is-layout-flex wp-container-core-columns-is-layout-9d6595d7 wp-block-columns-is-layout-flex\">\n<div class=\"wp-block-column is-vertically-aligned-center is-layout-flow wp-block-column-is-layout-flow\" style=\"flex-basis:20%\">\n<figure class=\"wp-block-gallery has-nested-images columns-1 is-cropped wp-block-gallery-1 is-layout-flex wp-block-gallery-is-layout-flex\">\n<figure class=\"wp-block-image size-large\"><img loading=\"lazy\" decoding=\"async\" width=\"1024\" height=\"590\" data-id=\"49773\" src=\"https:\/\/ibs.org.pl\/wp-content\/uploads\/2025\/04\/ibs_logo_podstawowe_pozytyw_RGB-1024x590.jpg\" alt=\"\" class=\"wp-image-49773\" srcset=\"https:\/\/ibs.org.pl\/wp-content\/uploads\/2025\/04\/ibs_logo_podstawowe_pozytyw_RGB-1024x590.jpg 1024w, https:\/\/ibs.org.pl\/wp-content\/uploads\/2025\/04\/ibs_logo_podstawowe_pozytyw_RGB-300x173.jpg 300w, https:\/\/ibs.org.pl\/wp-content\/uploads\/2025\/04\/ibs_logo_podstawowe_pozytyw_RGB-768x443.jpg 768w, https:\/\/ibs.org.pl\/wp-content\/uploads\/2025\/04\/ibs_logo_podstawowe_pozytyw_RGB-1536x886.jpg 1536w, https:\/\/ibs.org.pl\/wp-content\/uploads\/2025\/04\/ibs_logo_podstawowe_pozytyw_RGB.jpg 2000w\" sizes=\"auto, (max-width: 1024px) 100vw, 1024px\" \/><\/figure>\n\n\n\n<figure class=\"wp-block-image size-large\"><img loading=\"lazy\" decoding=\"async\" width=\"1024\" height=\"481\" data-id=\"49769\" src=\"https:\/\/ibs.org.pl\/wp-content\/uploads\/2025\/04\/02_LISERNOBASE_RGB-1024x481.jpg\" alt=\"\" class=\"wp-image-49769\" srcset=\"https:\/\/ibs.org.pl\/wp-content\/uploads\/2025\/04\/02_LISERNOBASE_RGB-1024x481.jpg 1024w, https:\/\/ibs.org.pl\/wp-content\/uploads\/2025\/04\/02_LISERNOBASE_RGB-300x141.jpg 300w, https:\/\/ibs.org.pl\/wp-content\/uploads\/2025\/04\/02_LISERNOBASE_RGB-768x361.jpg 768w, https:\/\/ibs.org.pl\/wp-content\/uploads\/2025\/04\/02_LISERNOBASE_RGB-1536x722.jpg 1536w, https:\/\/ibs.org.pl\/wp-content\/uploads\/2025\/04\/02_LISERNOBASE_RGB-2048x963.jpg 2048w\" sizes=\"auto, (max-width: 1024px) 100vw, 1024px\" \/><\/figure>\n\n\n\n<figure class=\"wp-block-image size-medium\"><img loading=\"lazy\" decoding=\"async\" width=\"300\" height=\"85\" data-id=\"49759\" src=\"https:\/\/ibs.org.pl\/wp-content\/uploads\/2025\/04\/Logo_IAB_cmyk_en_jpg-300x85.jpg\" alt=\"\" class=\"wp-image-49759\" srcset=\"https:\/\/ibs.org.pl\/wp-content\/uploads\/2025\/04\/Logo_IAB_cmyk_en_jpg-300x85.jpg 300w, https:\/\/ibs.org.pl\/wp-content\/uploads\/2025\/04\/Logo_IAB_cmyk_en_jpg-768x217.jpg 768w, https:\/\/ibs.org.pl\/wp-content\/uploads\/2025\/04\/Logo_IAB_cmyk_en_jpg.jpg 921w\" sizes=\"auto, (max-width: 300px) 100vw, 300px\" \/><\/figure>\n<\/figure>\n<\/div>\n\n\n\n<div class=\"wp-block-column is-vertically-aligned-center is-layout-flow wp-block-column-is-layout-flow\" style=\"flex-basis:40px\"><\/div>\n\n\n\n<div class=\"wp-block-column is-vertically-aligned-center is-layout-flow wp-block-column-is-layout-flow\" style=\"flex-basis:66.66%\">\n<p>This year&#8217;s third international scientific conference of the ELMI network, \u2018<strong>Jobs, Skills, and Productivity in Structural Transformations<\/strong>\u2019, is organised by the <a href=\"https:\/\/ibs.org.pl\/en\/\">Institute for Structural Research (IBS)<\/a>, the <a href=\"https:\/\/iab.de\/en\/home-2\/\">Institute for Employment Research (IAB)<\/a> and the <a href=\"https:\/\/www.liser.lu\/\">Luxembourg Institute for Social and Economic Research (LISER)<\/a>. We invite leading social scientists to discuss challenges related to employment, skills mismatches and upskilling, social cohesion, and public policy responses to industrial and structural transformations.<\/p>\n<\/div>\n<\/div>\n\n\n\n<p>During this year&#8217;s conference, we would like to focus on scientific studies addressing the following issues:<\/p>\n\n\n\n<ul class=\"wp-block-list\">\n<li>Consequences for the labour market and long-term career trajectories of workers affected by deindustrialisation and significant structural changes<\/li>\n\n\n\n<li>The impact of the green and digital transitions on skills demand and skills mismatches<\/li>\n\n\n\n<li>Consequences for the labour market of military rearmament<\/li>\n\n\n\n<li>Regional differences in labour market adaptation to structural change<\/li>\n\n\n\n<li>The role of education systems in preparing workers for structural change<\/li>\n\n\n\n<li>The effectiveness of active labour market policies (ALMP) in responding to structural change<\/li>\n<\/ul>\n\n\n\n<h3 class=\"wp-block-heading\">Keynote speakers<\/h3>\n\n\n\n<div class=\"wp-block-columns is-layout-flex wp-container-core-columns-is-layout-9d6595d7 wp-block-columns-is-layout-flex\">\n<div class=\"wp-block-column is-layout-flow wp-block-column-is-layout-flow\"><div class=\"wp-block-image\">\n<figure class=\"aligncenter size-full is-resized\"><img loading=\"lazy\" decoding=\"async\" width=\"659\" height=\"693\" src=\"https:\/\/ibs.org.pl\/wp-content\/uploads\/2025\/04\/Anna-Salomons2_flopped.png\" alt=\"\" class=\"wp-image-49782\" style=\"width:420px;height:auto\" srcset=\"https:\/\/ibs.org.pl\/wp-content\/uploads\/2025\/04\/Anna-Salomons2_flopped.png 659w, https:\/\/ibs.org.pl\/wp-content\/uploads\/2025\/04\/Anna-Salomons2_flopped-285x300.png 285w\" sizes=\"auto, (max-width: 659px) 100vw, 659px\" \/><figcaption class=\"wp-element-caption\"><strong>Anna Salomons <\/strong><br>(Tilburg University, Utrecht University)<\/figcaption><\/figure>\n<\/div><\/div>\n\n\n\n<div class=\"wp-block-column is-layout-flow wp-block-column-is-layout-flow\"><div class=\"wp-block-image\">\n<figure class=\"aligncenter size-full is-resized\"><img loading=\"lazy\" decoding=\"async\" width=\"868\" height=\"853\" src=\"https:\/\/ibs.org.pl\/wp-content\/uploads\/2025\/04\/MichelSerafinelli_sciete-1.jpg\" alt=\"\" class=\"wp-image-49793\" style=\"width:450px;height:auto\" srcset=\"https:\/\/ibs.org.pl\/wp-content\/uploads\/2025\/04\/MichelSerafinelli_sciete-1.jpg 868w, https:\/\/ibs.org.pl\/wp-content\/uploads\/2025\/04\/MichelSerafinelli_sciete-1-300x295.jpg 300w, https:\/\/ibs.org.pl\/wp-content\/uploads\/2025\/04\/MichelSerafinelli_sciete-1-768x755.jpg 768w\" sizes=\"auto, (max-width: 868px) 100vw, 868px\" \/><figcaption class=\"wp-element-caption\"><strong>Michel Serafinelli<\/strong> <br>(King&#8217;s Business School, King&#8217;s College London)<\/figcaption><\/figure>\n<\/div><\/div>\n<\/div>\n\n\n\n<h3 class=\"wp-block-heading\"><strong>Scientific Committee<\/strong><\/h3>\n\n\n\n<ul class=\"wp-block-list\">\n<li><strong>Melanie Arntz, <\/strong>Institute for Employment Research (IAB)<\/li>\n\n\n\n<li><strong>Bernd Fitzenberger<\/strong>, Institute for Employment Research (IAB)<\/li>\n\n\n\n<li><strong>Christina Gathmann<\/strong>, Luxembourg Institute of Socio-Economic Research (LISER)<\/li>\n\n\n\n<li><strong>Piotr Lewandowski<\/strong>, Institute for Structural Research (IBS)<\/li>\n\n\n\n<li><strong>Ludivine Martin<\/strong>, Luxembourg Institute of Socio-Economic Research (LISER)<\/li>\n\n\n\n<li><strong>Jakub Soko\u0142owski<\/strong>, Institute for Structural Research (IBS)<\/li>\n\n\n\n<li><strong>Adrien Thomas<\/strong>, Luxembourg Institute of Socio-Economic Research (LISER)<\/li>\n<\/ul>\n\n\n\n<h3 class=\"wp-block-heading\"><strong>Submission Details:<\/strong><\/h3>\n\n\n\n<ul class=\"wp-block-list\">\n<li>Please submit a full paper or an extended abstract via<strong> \u2192 <a href=\"https:\/\/elmi.ibs.org.pl\/\">elmi.ibs.org.pl<\/a><\/strong><\/li>\n\n\n\n<li>Deadline: midnight CET, <strong>30 May 2025.<\/strong><\/li>\n\n\n\n<li>Authors of accepted papers will be notified by <strong>27 June 2025<\/strong>.<\/li>\n\n\n\n<li>All presenters must register by <strong>25 July 2025<\/strong>.<\/li>\n<\/ul>\n\n\n\n<h3 class=\"wp-block-heading\"><strong>Conference information<\/strong>:<\/h3>\n\n\n\n<p>The conference will be held <strong>in person<\/strong> in ADN Conference Centre, Browary Warszawskie, <br>Grzybowska 56 Street, 00-844 Warsaw.<\/p>\n\n\n\n<p>There will be <strong>no registration fees<\/strong>.<\/p>\n\n\n\n<p>Local organisation: <strong>Institute for Structural Research (IBS)<\/strong> <a href=\"http:\/\/www.ibs.org.pl\">www.ibs.org.pl<\/a><\/p>\n\n\n\n<p><strong>Piotr Lewandowski<\/strong>, Scientific Coordinator<\/p>\n\n\n\n<p><strong>Magdalena Krasuska<\/strong>, Organisational Coordinator<\/p>\n\n\n\n<p>Email for further information: <a href=\"mailto:elmi_2025@ibs.org.pl\">elmi_2025@ibs.org.pl<\/a><\/p>\n\n\n\n<p><\/p>\n\n\n\n<p>The Call for Papers file can be downloaded below.<\/p>\n","protected":false},"featured_media":49799,"template":"","news_type":[2859],"class_list":["post-49751","news","type-news","status-publish","has-post-thumbnail","hentry","news_type-conference-en"],"acf":[],"yoast_head":"<!-- This site is optimized with the Yoast SEO plugin v27.5 - https:\/\/yoast.com\/product\/yoast-seo-wordpress\/ -->\n<title>ELMI 2025 Conference in Warsaw - IBS - Instytut Bada\u0144 Strukturalnych<\/title>\n<meta name=\"robots\" content=\"index, follow, max-snippet:-1, max-image-preview:large, max-video-preview:-1\" \/>\n<link rel=\"canonical\" href=\"https:\/\/ibs.org.pl\/en\/news\/elmi-2025-conference\/\" \/>\n<meta property=\"og:locale\" content=\"en_US\" \/>\n<meta property=\"og:type\" content=\"article\" \/>\n<meta property=\"og:title\" content=\"ELMI 2025 Conference in Warsaw - IBS - Instytut Bada\u0144 Strukturalnych\" \/>\n<meta property=\"og:description\" content=\"The ELMI (Network of European Labour Market Research Institutes) is a scientific network of 11 research institutes (elmi-network.eu). ELMI cooperates in joint [&hellip;]\" \/>\n<meta property=\"og:url\" content=\"https:\/\/ibs.org.pl\/en\/news\/elmi-2025-conference\/\" \/>\n<meta property=\"og:site_name\" content=\"IBS - Instytut Bada\u0144 Strukturalnych\" \/>\n<meta property=\"article:modified_time\" content=\"2025-04-25T18:48:57+00:00\" \/>\n<meta property=\"og:image\" content=\"https:\/\/ibs.org.pl\/wp-content\/uploads\/2025\/04\/slider.png\" \/>\n\t<meta property=\"og:image:width\" content=\"1000\" \/>\n\t<meta property=\"og:image:height\" content=\"950\" \/>\n\t<meta property=\"og:image:type\" content=\"image\/png\" \/>\n<meta name=\"twitter:card\" content=\"summary_large_image\" \/>\n<meta name=\"twitter:label1\" content=\"Est. reading time\" \/>\n\t<meta name=\"twitter:data1\" content=\"4 minutes\" \/>\n<script type=\"application\/ld+json\" class=\"yoast-schema-graph\">{\"@context\":\"https:\\\/\\\/schema.org\",\"@graph\":[{\"@type\":\"WebPage\",\"@id\":\"https:\\\/\\\/ibs.org.pl\\\/en\\\/news\\\/elmi-2025-conference\\\/\",\"url\":\"https:\\\/\\\/ibs.org.pl\\\/en\\\/news\\\/elmi-2025-conference\\\/\",\"name\":\"ELMI 2025 Conference in Warsaw - IBS - Instytut Bada\u0144 Strukturalnych\",\"isPartOf\":{\"@id\":\"https:\\\/\\\/ibs.org.pl\\\/en\\\/#website\"},\"primaryImageOfPage\":{\"@id\":\"https:\\\/\\\/ibs.org.pl\\\/en\\\/news\\\/elmi-2025-conference\\\/#primaryimage\"},\"image\":{\"@id\":\"https:\\\/\\\/ibs.org.pl\\\/en\\\/news\\\/elmi-2025-conference\\\/#primaryimage\"},\"thumbnailUrl\":\"https:\\\/\\\/ibs.org.pl\\\/wp-content\\\/uploads\\\/2025\\\/04\\\/slider.png\",\"datePublished\":\"2025-04-25T08:00:24+00:00\",\"dateModified\":\"2025-04-25T18:48:57+00:00\",\"breadcrumb\":{\"@id\":\"https:\\\/\\\/ibs.org.pl\\\/en\\\/news\\\/elmi-2025-conference\\\/#breadcrumb\"},\"inLanguage\":\"en-US\",\"potentialAction\":[{\"@type\":\"ReadAction\",\"target\":[\"https:\\\/\\\/ibs.org.pl\\\/en\\\/news\\\/elmi-2025-conference\\\/\"]}]},{\"@type\":\"ImageObject\",\"inLanguage\":\"en-US\",\"@id\":\"https:\\\/\\\/ibs.org.pl\\\/en\\\/news\\\/elmi-2025-conference\\\/#primaryimage\",\"url\":\"https:\\\/\\\/ibs.org.pl\\\/wp-content\\\/uploads\\\/2025\\\/04\\\/slider.png\",\"contentUrl\":\"https:\\\/\\\/ibs.org.pl\\\/wp-content\\\/uploads\\\/2025\\\/04\\\/slider.png\",\"width\":1000,\"height\":950},{\"@type\":\"BreadcrumbList\",\"@id\":\"https:\\\/\\\/ibs.org.pl\\\/en\\\/news\\\/elmi-2025-conference\\\/#breadcrumb\",\"itemListElement\":[{\"@type\":\"ListItem\",\"position\":1,\"name\":\"Home\",\"item\":\"https:\\\/\\\/ibs.org.pl\\\/en\\\/\"},{\"@type\":\"ListItem\",\"position\":2,\"name\":\"ELMI 2025 Conference in Warsaw\"}]},{\"@type\":\"WebSite\",\"@id\":\"https:\\\/\\\/ibs.org.pl\\\/en\\\/#website\",\"url\":\"https:\\\/\\\/ibs.org.pl\\\/en\\\/\",\"name\":\"IBS - Instytut Bada\u0144 Strukturalnych\",\"description\":\"Jeste\u015bmy niezale\u017cn\u0105 fundacj\u0105 naukow\u0105. Prowadzimy badania w obszarze m.in.: rynku pracy, polityki rodzinnej, finans\u00f3w publicznych, energii i klimatu.\",\"potentialAction\":[{\"@type\":\"SearchAction\",\"target\":{\"@type\":\"EntryPoint\",\"urlTemplate\":\"https:\\\/\\\/ibs.org.pl\\\/en\\\/?s={search_term_string}\"},\"query-input\":{\"@type\":\"PropertyValueSpecification\",\"valueRequired\":true,\"valueName\":\"search_term_string\"}}],\"inLanguage\":\"en-US\"}]}<\/script>\n<!-- \/ Yoast SEO plugin. -->","yoast_head_json":{"title":"ELMI 2025 Conference in Warsaw - IBS - Instytut Bada\u0144 Strukturalnych","robots":{"index":"index","follow":"follow","max-snippet":"max-snippet:-1","max-image-preview":"max-image-preview:large","max-video-preview":"max-video-preview:-1"},"canonical":"https:\/\/ibs.org.pl\/en\/news\/elmi-2025-conference\/","og_locale":"en_US","og_type":"article","og_title":"ELMI 2025 Conference in Warsaw - IBS - Instytut Bada\u0144 Strukturalnych","og_description":"The ELMI (Network of European Labour Market Research Institutes) is a scientific network of 11 research institutes (elmi-network.eu). ELMI cooperates in joint [&hellip;]","og_url":"https:\/\/ibs.org.pl\/en\/news\/elmi-2025-conference\/","og_site_name":"IBS - Instytut Bada\u0144 Strukturalnych","article_modified_time":"2025-04-25T18:48:57+00:00","og_image":[{"width":1000,"height":950,"url":"https:\/\/ibs.org.pl\/wp-content\/uploads\/2025\/04\/slider.png","type":"image\/png"}],"twitter_card":"summary_large_image","twitter_misc":{"Est. reading time":"4 minutes"},"schema":{"@context":"https:\/\/schema.org","@graph":[{"@type":"WebPage","@id":"https:\/\/ibs.org.pl\/en\/news\/elmi-2025-conference\/","url":"https:\/\/ibs.org.pl\/en\/news\/elmi-2025-conference\/","name":"ELMI 2025 Conference in Warsaw - IBS - Instytut Bada\u0144 Strukturalnych","isPartOf":{"@id":"https:\/\/ibs.org.pl\/en\/#website"},"primaryImageOfPage":{"@id":"https:\/\/ibs.org.pl\/en\/news\/elmi-2025-conference\/#primaryimage"},"image":{"@id":"https:\/\/ibs.org.pl\/en\/news\/elmi-2025-conference\/#primaryimage"},"thumbnailUrl":"https:\/\/ibs.org.pl\/wp-content\/uploads\/2025\/04\/slider.png","datePublished":"2025-04-25T08:00:24+00:00","dateModified":"2025-04-25T18:48:57+00:00","breadcrumb":{"@id":"https:\/\/ibs.org.pl\/en\/news\/elmi-2025-conference\/#breadcrumb"},"inLanguage":"en-US","potentialAction":[{"@type":"ReadAction","target":["https:\/\/ibs.org.pl\/en\/news\/elmi-2025-conference\/"]}]},{"@type":"ImageObject","inLanguage":"en-US","@id":"https:\/\/ibs.org.pl\/en\/news\/elmi-2025-conference\/#primaryimage","url":"https:\/\/ibs.org.pl\/wp-content\/uploads\/2025\/04\/slider.png","contentUrl":"https:\/\/ibs.org.pl\/wp-content\/uploads\/2025\/04\/slider.png","width":1000,"height":950},{"@type":"BreadcrumbList","@id":"https:\/\/ibs.org.pl\/en\/news\/elmi-2025-conference\/#breadcrumb","itemListElement":[{"@type":"ListItem","position":1,"name":"Home","item":"https:\/\/ibs.org.pl\/en\/"},{"@type":"ListItem","position":2,"name":"ELMI 2025 Conference in Warsaw"}]},{"@type":"WebSite","@id":"https:\/\/ibs.org.pl\/en\/#website","url":"https:\/\/ibs.org.pl\/en\/","name":"IBS - Instytut Bada\u0144 Strukturalnych","description":"Jeste\u015bmy niezale\u017cn\u0105 fundacj\u0105 naukow\u0105. Prowadzimy badania w obszarze m.in.: rynku pracy, polityki rodzinnej, finans\u00f3w publicznych, energii i klimatu.","potentialAction":[{"@type":"SearchAction","target":{"@type":"EntryPoint","urlTemplate":"https:\/\/ibs.org.pl\/en\/?s={search_term_string}"},"query-input":{"@type":"PropertyValueSpecification","valueRequired":true,"valueName":"search_term_string"}}],"inLanguage":"en-US"}]}},"_links":{"self":[{"href":"https:\/\/ibs.org.pl\/en\/wp-json\/wp\/v2\/news\/49751","targetHints":{"allow":["GET"]}}],"collection":[{"href":"https:\/\/ibs.org.pl\/en\/wp-json\/wp\/v2\/news"}],"about":[{"href":"https:\/\/ibs.org.pl\/en\/wp-json\/wp\/v2\/types\/news"}],"wp:featuredmedia":[{"embeddable":true,"href":"https:\/\/ibs.org.pl\/en\/wp-json\/wp\/v2\/media\/49799"}],"wp:attachment":[{"href":"https:\/\/ibs.org.pl\/en\/wp-json\/wp\/v2\/media?parent=49751"}],"wp:term":[{"taxonomy":"news_type","embeddable":true,"href":"https:\/\/ibs.org.pl\/en\/wp-json\/wp\/v2\/news_type?post=49751"}],"curies":[{"name":"wp","href":"https:\/\/api.w.org\/{rel}","templated":true}]}}