{"id":47453,"date":"2024-12-09T10:50:04","date_gmt":"2024-12-09T09:50:04","guid":{"rendered":"https:\/\/ibs.org.pl\/?post_type=news&#038;p=47453"},"modified":"2024-12-09T10:57:36","modified_gmt":"2024-12-09T09:57:36","slug":"jakub-sokolowski-the-young-climate-scientist-of-the-year","status":"publish","type":"news","link":"https:\/\/ibs.org.pl\/en\/news\/jakub-sokolowski-the-young-climate-scientist-of-the-year\/","title":{"rendered":"Jakub Sokolowski &#8211; the young climate scientist of the year."},"content":{"rendered":"\n<div style=\"height:20px\" aria-hidden=\"true\" class=\"wp-block-spacer\"><\/div>\n\n\n\n<div class=\"wp-block-columns is-layout-flex wp-container-core-columns-is-layout-9d6595d7 wp-block-columns-is-layout-flex\">\n<div class=\"wp-block-column is-layout-flow wp-block-column-is-layout-flow\">\n<p>The award was given for his research on the energy transition in Poland, which focused particularly on social justice issues, the effectiveness of climate policies, and innovative approaches to reducing energy poverty.<\/p>\n\n\n\n<p>As part of his research, Jakub Sokolowski developed, among other things, a multidimensional energy poverty indicator that has been applied to Polish public policy.<\/p>\n<\/div>\n\n\n\n<div class=\"wp-block-column is-layout-flow wp-block-column-is-layout-flow\">\n<figure class=\"wp-block-image size-large\"><img loading=\"lazy\" decoding=\"async\" width=\"1024\" height=\"681\" src=\"https:\/\/ibs.org.pl\/wp-content\/uploads\/2024\/12\/kilmatyczny-Kuba-1024x681.jpg\" alt=\"\" class=\"wp-image-47444\" srcset=\"https:\/\/ibs.org.pl\/wp-content\/uploads\/2024\/12\/kilmatyczny-Kuba-1024x681.jpg 1024w, https:\/\/ibs.org.pl\/wp-content\/uploads\/2024\/12\/kilmatyczny-Kuba-300x200.jpg 300w, https:\/\/ibs.org.pl\/wp-content\/uploads\/2024\/12\/kilmatyczny-Kuba-768x511.jpg 768w, https:\/\/ibs.org.pl\/wp-content\/uploads\/2024\/12\/kilmatyczny-Kuba-1536x1022.jpg 1536w, https:\/\/ibs.org.pl\/wp-content\/uploads\/2024\/12\/kilmatyczny-Kuba-2048x1363.jpg 2048w\" sizes=\"auto, (max-width: 1024px) 100vw, 1024px\" \/><\/figure>\n<\/div>\n<\/div>\n\n\n\n<p>During a meeting attended by the Ministry of Climate and Environment leadership, which took place on 29 November 2024, awards were presented to the winners of this year&#8217;s Climate Man of the Year competition. During the meeting, attended by Paulina Hennig-Kloska, Minister of Climate and Environment, and two Deputy Ministers &#8211; Krzysztof Bolesta and Urszula Zieli\u0144ska, awards were presented in the fourth edition of the \u2018Climate Man of the Year\u2019 competition. Coverage and the full list of competition winners are available \u2192 <a href=\"https:\/\/www.gov.pl\/web\/klimat\/rozdanie-nagrod-w-konkursie-klimatyczny-czlowiek-roku\">here<\/a><\/p>\n\n\n\n<p><\/p>\n","protected":false},"featured_media":47450,"template":"","news_type":[2643],"class_list":["post-47453","news","type-news","status-publish","has-post-thumbnail","hentry","news_type-announcement"],"acf":[],"yoast_head":"<!-- This site is optimized with the Yoast SEO plugin v27.5 - https:\/\/yoast.com\/product\/yoast-seo-wordpress\/ -->\n<title>Jakub Sokolowski - the young climate scientist of the year. - IBS - Instytut Bada\u0144 Strukturalnych<\/title>\n<meta name=\"robots\" content=\"index, follow, max-snippet:-1, max-image-preview:large, max-video-preview:-1\" \/>\n<link rel=\"canonical\" href=\"https:\/\/ibs.org.pl\/en\/news\/jakub-sokolowski-the-young-climate-scientist-of-the-year\/\" \/>\n<meta property=\"og:locale\" content=\"en_US\" \/>\n<meta property=\"og:type\" content=\"article\" \/>\n<meta property=\"og:title\" content=\"Jakub Sokolowski - the young climate scientist of the year. - IBS - Instytut Bada\u0144 Strukturalnych\" \/>\n<meta property=\"og:description\" content=\"The award was given for his research on the energy transition in Poland, which focused particularly on social justice issues, the effectiveness [&hellip;]\" \/>\n<meta property=\"og:url\" content=\"https:\/\/ibs.org.pl\/en\/news\/jakub-sokolowski-the-young-climate-scientist-of-the-year\/\" \/>\n<meta property=\"og:site_name\" content=\"IBS - Instytut Bada\u0144 Strukturalnych\" \/>\n<meta property=\"article:modified_time\" content=\"2024-12-09T09:57:36+00:00\" \/>\n<meta property=\"og:image\" content=\"https:\/\/ibs.org.pl\/wp-content\/uploads\/2024\/12\/Klimatyczny-Kuba-2-scaled.jpg\" \/>\n\t<meta property=\"og:image:width\" content=\"2560\" \/>\n\t<meta property=\"og:image:height\" content=\"1703\" \/>\n\t<meta property=\"og:image:type\" content=\"image\/jpeg\" \/>\n<meta name=\"twitter:card\" content=\"summary_large_image\" \/>\n<meta name=\"twitter:label1\" content=\"Est. reading time\" \/>\n\t<meta name=\"twitter:data1\" content=\"2 minutes\" \/>\n<script type=\"application\/ld+json\" class=\"yoast-schema-graph\">{\"@context\":\"https:\\\/\\\/schema.org\",\"@graph\":[{\"@type\":\"WebPage\",\"@id\":\"https:\\\/\\\/ibs.org.pl\\\/en\\\/news\\\/jakub-sokolowski-the-young-climate-scientist-of-the-year\\\/\",\"url\":\"https:\\\/\\\/ibs.org.pl\\\/en\\\/news\\\/jakub-sokolowski-the-young-climate-scientist-of-the-year\\\/\",\"name\":\"Jakub Sokolowski - the young climate scientist of the year. - IBS - Instytut Bada\u0144 Strukturalnych\",\"isPartOf\":{\"@id\":\"https:\\\/\\\/ibs.org.pl\\\/en\\\/#website\"},\"primaryImageOfPage\":{\"@id\":\"https:\\\/\\\/ibs.org.pl\\\/en\\\/news\\\/jakub-sokolowski-the-young-climate-scientist-of-the-year\\\/#primaryimage\"},\"image\":{\"@id\":\"https:\\\/\\\/ibs.org.pl\\\/en\\\/news\\\/jakub-sokolowski-the-young-climate-scientist-of-the-year\\\/#primaryimage\"},\"thumbnailUrl\":\"https:\\\/\\\/ibs.org.pl\\\/wp-content\\\/uploads\\\/2024\\\/12\\\/Klimatyczny-Kuba-2-scaled.jpg\",\"datePublished\":\"2024-12-09T09:50:04+00:00\",\"dateModified\":\"2024-12-09T09:57:36+00:00\",\"breadcrumb\":{\"@id\":\"https:\\\/\\\/ibs.org.pl\\\/en\\\/news\\\/jakub-sokolowski-the-young-climate-scientist-of-the-year\\\/#breadcrumb\"},\"inLanguage\":\"en-US\",\"potentialAction\":[{\"@type\":\"ReadAction\",\"target\":[\"https:\\\/\\\/ibs.org.pl\\\/en\\\/news\\\/jakub-sokolowski-the-young-climate-scientist-of-the-year\\\/\"]}]},{\"@type\":\"ImageObject\",\"inLanguage\":\"en-US\",\"@id\":\"https:\\\/\\\/ibs.org.pl\\\/en\\\/news\\\/jakub-sokolowski-the-young-climate-scientist-of-the-year\\\/#primaryimage\",\"url\":\"https:\\\/\\\/ibs.org.pl\\\/wp-content\\\/uploads\\\/2024\\\/12\\\/Klimatyczny-Kuba-2-scaled.jpg\",\"contentUrl\":\"https:\\\/\\\/ibs.org.pl\\\/wp-content\\\/uploads\\\/2024\\\/12\\\/Klimatyczny-Kuba-2-scaled.jpg\",\"width\":2560,\"height\":1703},{\"@type\":\"BreadcrumbList\",\"@id\":\"https:\\\/\\\/ibs.org.pl\\\/en\\\/news\\\/jakub-sokolowski-the-young-climate-scientist-of-the-year\\\/#breadcrumb\",\"itemListElement\":[{\"@type\":\"ListItem\",\"position\":1,\"name\":\"Home\",\"item\":\"https:\\\/\\\/ibs.org.pl\\\/en\\\/\"},{\"@type\":\"ListItem\",\"position\":2,\"name\":\"Jakub Sokolowski &#8211; the young climate scientist of the year.\"}]},{\"@type\":\"WebSite\",\"@id\":\"https:\\\/\\\/ibs.org.pl\\\/en\\\/#website\",\"url\":\"https:\\\/\\\/ibs.org.pl\\\/en\\\/\",\"name\":\"IBS - Instytut Bada\u0144 Strukturalnych\",\"description\":\"Jeste\u015bmy niezale\u017cn\u0105 fundacj\u0105 naukow\u0105. Prowadzimy badania w obszarze m.in.: rynku pracy, polityki rodzinnej, finans\u00f3w publicznych, energii i klimatu.\",\"potentialAction\":[{\"@type\":\"SearchAction\",\"target\":{\"@type\":\"EntryPoint\",\"urlTemplate\":\"https:\\\/\\\/ibs.org.pl\\\/en\\\/?s={search_term_string}\"},\"query-input\":{\"@type\":\"PropertyValueSpecification\",\"valueRequired\":true,\"valueName\":\"search_term_string\"}}],\"inLanguage\":\"en-US\"}]}<\/script>\n<!-- \/ Yoast SEO plugin. -->","yoast_head_json":{"title":"Jakub Sokolowski - the young climate scientist of the year. - IBS - Instytut Bada\u0144 Strukturalnych","robots":{"index":"index","follow":"follow","max-snippet":"max-snippet:-1","max-image-preview":"max-image-preview:large","max-video-preview":"max-video-preview:-1"},"canonical":"https:\/\/ibs.org.pl\/en\/news\/jakub-sokolowski-the-young-climate-scientist-of-the-year\/","og_locale":"en_US","og_type":"article","og_title":"Jakub Sokolowski - the young climate scientist of the year. - IBS - Instytut Bada\u0144 Strukturalnych","og_description":"The award was given for his research on the energy transition in Poland, which focused particularly on social justice issues, the effectiveness [&hellip;]","og_url":"https:\/\/ibs.org.pl\/en\/news\/jakub-sokolowski-the-young-climate-scientist-of-the-year\/","og_site_name":"IBS - Instytut Bada\u0144 Strukturalnych","article_modified_time":"2024-12-09T09:57:36+00:00","og_image":[{"width":2560,"height":1703,"url":"https:\/\/ibs.org.pl\/wp-content\/uploads\/2024\/12\/Klimatyczny-Kuba-2-scaled.jpg","type":"image\/jpeg"}],"twitter_card":"summary_large_image","twitter_misc":{"Est. reading time":"2 minutes"},"schema":{"@context":"https:\/\/schema.org","@graph":[{"@type":"WebPage","@id":"https:\/\/ibs.org.pl\/en\/news\/jakub-sokolowski-the-young-climate-scientist-of-the-year\/","url":"https:\/\/ibs.org.pl\/en\/news\/jakub-sokolowski-the-young-climate-scientist-of-the-year\/","name":"Jakub Sokolowski - the young climate scientist of the year. - IBS - Instytut Bada\u0144 Strukturalnych","isPartOf":{"@id":"https:\/\/ibs.org.pl\/en\/#website"},"primaryImageOfPage":{"@id":"https:\/\/ibs.org.pl\/en\/news\/jakub-sokolowski-the-young-climate-scientist-of-the-year\/#primaryimage"},"image":{"@id":"https:\/\/ibs.org.pl\/en\/news\/jakub-sokolowski-the-young-climate-scientist-of-the-year\/#primaryimage"},"thumbnailUrl":"https:\/\/ibs.org.pl\/wp-content\/uploads\/2024\/12\/Klimatyczny-Kuba-2-scaled.jpg","datePublished":"2024-12-09T09:50:04+00:00","dateModified":"2024-12-09T09:57:36+00:00","breadcrumb":{"@id":"https:\/\/ibs.org.pl\/en\/news\/jakub-sokolowski-the-young-climate-scientist-of-the-year\/#breadcrumb"},"inLanguage":"en-US","potentialAction":[{"@type":"ReadAction","target":["https:\/\/ibs.org.pl\/en\/news\/jakub-sokolowski-the-young-climate-scientist-of-the-year\/"]}]},{"@type":"ImageObject","inLanguage":"en-US","@id":"https:\/\/ibs.org.pl\/en\/news\/jakub-sokolowski-the-young-climate-scientist-of-the-year\/#primaryimage","url":"https:\/\/ibs.org.pl\/wp-content\/uploads\/2024\/12\/Klimatyczny-Kuba-2-scaled.jpg","contentUrl":"https:\/\/ibs.org.pl\/wp-content\/uploads\/2024\/12\/Klimatyczny-Kuba-2-scaled.jpg","width":2560,"height":1703},{"@type":"BreadcrumbList","@id":"https:\/\/ibs.org.pl\/en\/news\/jakub-sokolowski-the-young-climate-scientist-of-the-year\/#breadcrumb","itemListElement":[{"@type":"ListItem","position":1,"name":"Home","item":"https:\/\/ibs.org.pl\/en\/"},{"@type":"ListItem","position":2,"name":"Jakub Sokolowski &#8211; the young climate scientist of the year."}]},{"@type":"WebSite","@id":"https:\/\/ibs.org.pl\/en\/#website","url":"https:\/\/ibs.org.pl\/en\/","name":"IBS - Instytut Bada\u0144 Strukturalnych","description":"Jeste\u015bmy niezale\u017cn\u0105 fundacj\u0105 naukow\u0105. Prowadzimy badania w obszarze m.in.: rynku pracy, polityki rodzinnej, finans\u00f3w publicznych, energii i klimatu.","potentialAction":[{"@type":"SearchAction","target":{"@type":"EntryPoint","urlTemplate":"https:\/\/ibs.org.pl\/en\/?s={search_term_string}"},"query-input":{"@type":"PropertyValueSpecification","valueRequired":true,"valueName":"search_term_string"}}],"inLanguage":"en-US"}]}},"_links":{"self":[{"href":"https:\/\/ibs.org.pl\/en\/wp-json\/wp\/v2\/news\/47453","targetHints":{"allow":["GET"]}}],"collection":[{"href":"https:\/\/ibs.org.pl\/en\/wp-json\/wp\/v2\/news"}],"about":[{"href":"https:\/\/ibs.org.pl\/en\/wp-json\/wp\/v2\/types\/news"}],"wp:featuredmedia":[{"embeddable":true,"href":"https:\/\/ibs.org.pl\/en\/wp-json\/wp\/v2\/media\/47450"}],"wp:attachment":[{"href":"https:\/\/ibs.org.pl\/en\/wp-json\/wp\/v2\/media?parent=47453"}],"wp:term":[{"taxonomy":"news_type","embeddable":true,"href":"https:\/\/ibs.org.pl\/en\/wp-json\/wp\/v2\/news_type?post=47453"}],"curies":[{"name":"wp","href":"https:\/\/api.w.org\/{rel}","templated":true}]}}