{"id":40836,"date":"2024-01-09T15:47:56","date_gmt":"2024-01-09T14:47:56","guid":{"rendered":"https:\/\/ibs.org.pl\/?post_type=news&#038;p=40836"},"modified":"2024-01-24T13:35:12","modified_gmt":"2024-01-24T12:35:12","slug":"call-for-papers-for-the-welar-project-conference","status":"publish","type":"news","link":"https:\/\/ibs.org.pl\/en\/news\/call-for-papers-for-the-welar-project-conference\/","title":{"rendered":"Call for papers for the WeLaR Project Conference"},"content":{"rendered":"\n<div style=\"height:25px\" aria-hidden=\"true\" class=\"wp-block-spacer\"><\/div>\n\n\n\n<p class=\"has-text-align-center\" style=\"font-size:30px\"><strong>The Effects of Digitalisation, Globalisation, Climate Change and Demographic<br>Shifts in Labour Markets and Welfare States in the European Union<\/strong><\/p>\n\n\n\n<p>We will examine how digitalisation, globalisation, demographic shifts, and climate change drive structural changes in skills demand and supply, job quality, and working conditions. We will also discuss their social impacts, for instance, on inequality and well-being. Researchers from all social science fields are invited to contribute and participate. Both quantitative and qualitative studies are welcome.<\/p>\n\n\n\n<p class=\"has-text-align-center has-medium-font-size\"><strong>Keynote Speaker<\/strong><\/p>\n\n\n\n<p class=\"has-text-align-center\" style=\"font-size:40px\">Agnieszka CH\u0141O\u0143-DOMI\u0143CZAK<\/p>\n\n\n\n<p><br>We welcome contributions addressing the implications of digitalisation, globalisation, climate change, and demographic shifts on various aspects, encompassing but not limited to:<\/p>\n\n\n\n<ul class=\"wp-block-list\">\n<li>Heterogenous labour market and distributional impacts of these megatrends<\/li>\n\n\n\n<li>Work-related migration and skills<\/li>\n\n\n\n<li>Spatial convergence \/ divergence<\/li>\n\n\n\n<li>Inequalities and intersectionality<\/li>\n\n\n\n<li>Technology, skills and human capital<\/li>\n\n\n\n<li>EU economic governance, trade<\/li>\n\n\n\n<li>Social policy, social protection systems<\/li>\n<\/ul>\n\n\n\n<p>Covering the combined impact of two or more driving forces \u2013 digitalisation, globalisation, climate change and demographic shifts \u2013 is considered an added value. We welcome contributions from PhD students and early-stage academics.<\/p>\n\n\n\n<p class=\"has-medium-font-size\"><strong>Submissions<\/strong><br>Please submit your paper or an extended abstract (approximately 800 words) along with <br>i) paper title, <br>ii) name(s) of the author(s), and<br>iii) affiliation and the presenting author&#8217;s email address by 1 March 2024 to Laur\u00e8ne Thil (laurene.thil@kuleuven.be). <br>Abstracts should include the following elements: introduction, methodology, major findings, implications and keywords.<\/p>\n\n\n\n<p class=\"has-medium-font-size\"><br><strong>Key Dates<\/strong><br>March 1, 2024 \u2013 Deadline for abstract submission<br>March 22, 2024 \u2013 Decisions on acceptance<br>April 1, 2024 \u2013 Registration deadline for presenting attendees<br>May 16, 2024 \u2013 Registration for all attendees<br>May 23 and 24, 2024 \u2013 Conference in Leuven<br><\/p>\n\n\n\n<p class=\"has-medium-font-size\"><strong>Scientific Committee:<\/strong><br>Mikkel Barslund (HIVA \u2013 KU LEUVEN), <br>Karolien Lenaerts (HIVA \u2013 KU LEUVEN), <br>Laur\u00e8ne Thil (HIVA \u2013 KU Leuven), <br>Piotr Lewandowski (IBS),<br>Ludivine Martin (LISER), <br>Cristiano Perugini (UNIPG), <br>Ursula Holtgrewe (ZSI), <br>Slavina Spasova (OSE), <br>Holger Stichnoth (ZEW)<\/p>\n\n\n\n<p><\/p>\n\n\n\n<p class=\"has-medium-font-size\">Registration <a href=\"https:\/\/hiva.kuleuven.be\/en\/calendar\/forms\/WeLaR23-24052023\/view\">here<\/a> <\/p>\n","protected":false},"featured_media":40791,"template":"","news_type":[2859,308],"class_list":["post-40836","news","type-news","status-publish","has-post-thumbnail","hentry","news_type-conference-en","news_type-conference"],"acf":[],"yoast_head":"<!-- This site is optimized with the Yoast SEO plugin v27.5 - https:\/\/yoast.com\/product\/yoast-seo-wordpress\/ -->\n<title>Call for papers for the WeLaR Project Conference - IBS - Instytut Bada\u0144 Strukturalnych<\/title>\n<meta name=\"description\" content=\"Call for papers for WeLaR Conference in Leuven, Belgium 23-24 May, 2024, where young researchers are most welcome.\" \/>\n<meta name=\"robots\" content=\"index, follow, max-snippet:-1, max-image-preview:large, max-video-preview:-1\" \/>\n<link rel=\"canonical\" href=\"https:\/\/ibs.org.pl\/en\/news\/call-for-papers-for-the-welar-project-conference\/\" \/>\n<meta property=\"og:locale\" content=\"en_US\" \/>\n<meta property=\"og:type\" content=\"article\" \/>\n<meta property=\"og:title\" content=\"Call for papers for the WeLaR Project Conference - IBS - Instytut Bada\u0144 Strukturalnych\" \/>\n<meta property=\"og:description\" content=\"Call for papers for WeLaR Conference in Leuven, Belgium 23-24 May, 2024, where young researchers are most welcome.\" \/>\n<meta property=\"og:url\" content=\"https:\/\/ibs.org.pl\/en\/news\/call-for-papers-for-the-welar-project-conference\/\" \/>\n<meta property=\"og:site_name\" content=\"IBS - Instytut Bada\u0144 Strukturalnych\" \/>\n<meta property=\"article:modified_time\" content=\"2024-01-24T12:35:12+00:00\" \/>\n<meta property=\"og:image\" content=\"https:\/\/ibs.org.pl\/wp-content\/uploads\/2024\/01\/welar-cfp-na-konfe.png\" \/>\n\t<meta property=\"og:image:width\" content=\"839\" \/>\n\t<meta property=\"og:image:height\" content=\"464\" \/>\n\t<meta property=\"og:image:type\" content=\"image\/png\" \/>\n<meta name=\"twitter:card\" content=\"summary_large_image\" \/>\n<meta name=\"twitter:label1\" content=\"Est. reading time\" \/>\n\t<meta name=\"twitter:data1\" content=\"2 minutes\" \/>\n<script type=\"application\/ld+json\" class=\"yoast-schema-graph\">{\"@context\":\"https:\\\/\\\/schema.org\",\"@graph\":[{\"@type\":\"WebPage\",\"@id\":\"https:\\\/\\\/ibs.org.pl\\\/en\\\/news\\\/call-for-papers-for-the-welar-project-conference\\\/\",\"url\":\"https:\\\/\\\/ibs.org.pl\\\/en\\\/news\\\/call-for-papers-for-the-welar-project-conference\\\/\",\"name\":\"Call for papers for the WeLaR Project Conference - IBS - Instytut Bada\u0144 Strukturalnych\",\"isPartOf\":{\"@id\":\"https:\\\/\\\/ibs.org.pl\\\/en\\\/#website\"},\"primaryImageOfPage\":{\"@id\":\"https:\\\/\\\/ibs.org.pl\\\/en\\\/news\\\/call-for-papers-for-the-welar-project-conference\\\/#primaryimage\"},\"image\":{\"@id\":\"https:\\\/\\\/ibs.org.pl\\\/en\\\/news\\\/call-for-papers-for-the-welar-project-conference\\\/#primaryimage\"},\"thumbnailUrl\":\"https:\\\/\\\/ibs.org.pl\\\/wp-content\\\/uploads\\\/2024\\\/01\\\/welar-cfp-na-konfe.png\",\"datePublished\":\"2024-01-09T14:47:56+00:00\",\"dateModified\":\"2024-01-24T12:35:12+00:00\",\"description\":\"Call for papers for WeLaR Conference in Leuven, Belgium 23-24 May, 2024, where young researchers are most welcome.\",\"breadcrumb\":{\"@id\":\"https:\\\/\\\/ibs.org.pl\\\/en\\\/news\\\/call-for-papers-for-the-welar-project-conference\\\/#breadcrumb\"},\"inLanguage\":\"en-US\",\"potentialAction\":[{\"@type\":\"ReadAction\",\"target\":[\"https:\\\/\\\/ibs.org.pl\\\/en\\\/news\\\/call-for-papers-for-the-welar-project-conference\\\/\"]}]},{\"@type\":\"ImageObject\",\"inLanguage\":\"en-US\",\"@id\":\"https:\\\/\\\/ibs.org.pl\\\/en\\\/news\\\/call-for-papers-for-the-welar-project-conference\\\/#primaryimage\",\"url\":\"https:\\\/\\\/ibs.org.pl\\\/wp-content\\\/uploads\\\/2024\\\/01\\\/welar-cfp-na-konfe.png\",\"contentUrl\":\"https:\\\/\\\/ibs.org.pl\\\/wp-content\\\/uploads\\\/2024\\\/01\\\/welar-cfp-na-konfe.png\",\"width\":839,\"height\":464},{\"@type\":\"BreadcrumbList\",\"@id\":\"https:\\\/\\\/ibs.org.pl\\\/en\\\/news\\\/call-for-papers-for-the-welar-project-conference\\\/#breadcrumb\",\"itemListElement\":[{\"@type\":\"ListItem\",\"position\":1,\"name\":\"Home\",\"item\":\"https:\\\/\\\/ibs.org.pl\\\/en\\\/\"},{\"@type\":\"ListItem\",\"position\":2,\"name\":\"Call for papers for the WeLaR Project Conference\"}]},{\"@type\":\"WebSite\",\"@id\":\"https:\\\/\\\/ibs.org.pl\\\/en\\\/#website\",\"url\":\"https:\\\/\\\/ibs.org.pl\\\/en\\\/\",\"name\":\"IBS - Instytut Bada\u0144 Strukturalnych\",\"description\":\"Jeste\u015bmy niezale\u017cn\u0105 fundacj\u0105 naukow\u0105. Prowadzimy badania w obszarze m.in.: rynku pracy, polityki rodzinnej, finans\u00f3w publicznych, energii i klimatu.\",\"potentialAction\":[{\"@type\":\"SearchAction\",\"target\":{\"@type\":\"EntryPoint\",\"urlTemplate\":\"https:\\\/\\\/ibs.org.pl\\\/en\\\/?s={search_term_string}\"},\"query-input\":{\"@type\":\"PropertyValueSpecification\",\"valueRequired\":true,\"valueName\":\"search_term_string\"}}],\"inLanguage\":\"en-US\"}]}<\/script>\n<!-- \/ Yoast SEO plugin. -->","yoast_head_json":{"title":"Call for papers for the WeLaR Project Conference - IBS - Instytut Bada\u0144 Strukturalnych","description":"Call for papers for WeLaR Conference in Leuven, Belgium 23-24 May, 2024, where young researchers are most welcome.","robots":{"index":"index","follow":"follow","max-snippet":"max-snippet:-1","max-image-preview":"max-image-preview:large","max-video-preview":"max-video-preview:-1"},"canonical":"https:\/\/ibs.org.pl\/en\/news\/call-for-papers-for-the-welar-project-conference\/","og_locale":"en_US","og_type":"article","og_title":"Call for papers for the WeLaR Project Conference - IBS - Instytut Bada\u0144 Strukturalnych","og_description":"Call for papers for WeLaR Conference in Leuven, Belgium 23-24 May, 2024, where young researchers are most welcome.","og_url":"https:\/\/ibs.org.pl\/en\/news\/call-for-papers-for-the-welar-project-conference\/","og_site_name":"IBS - Instytut Bada\u0144 Strukturalnych","article_modified_time":"2024-01-24T12:35:12+00:00","og_image":[{"width":839,"height":464,"url":"https:\/\/ibs.org.pl\/wp-content\/uploads\/2024\/01\/welar-cfp-na-konfe.png","type":"image\/png"}],"twitter_card":"summary_large_image","twitter_misc":{"Est. reading time":"2 minutes"},"schema":{"@context":"https:\/\/schema.org","@graph":[{"@type":"WebPage","@id":"https:\/\/ibs.org.pl\/en\/news\/call-for-papers-for-the-welar-project-conference\/","url":"https:\/\/ibs.org.pl\/en\/news\/call-for-papers-for-the-welar-project-conference\/","name":"Call for papers for the WeLaR Project Conference - IBS - Instytut Bada\u0144 Strukturalnych","isPartOf":{"@id":"https:\/\/ibs.org.pl\/en\/#website"},"primaryImageOfPage":{"@id":"https:\/\/ibs.org.pl\/en\/news\/call-for-papers-for-the-welar-project-conference\/#primaryimage"},"image":{"@id":"https:\/\/ibs.org.pl\/en\/news\/call-for-papers-for-the-welar-project-conference\/#primaryimage"},"thumbnailUrl":"https:\/\/ibs.org.pl\/wp-content\/uploads\/2024\/01\/welar-cfp-na-konfe.png","datePublished":"2024-01-09T14:47:56+00:00","dateModified":"2024-01-24T12:35:12+00:00","description":"Call for papers for WeLaR Conference in Leuven, Belgium 23-24 May, 2024, where young researchers are most welcome.","breadcrumb":{"@id":"https:\/\/ibs.org.pl\/en\/news\/call-for-papers-for-the-welar-project-conference\/#breadcrumb"},"inLanguage":"en-US","potentialAction":[{"@type":"ReadAction","target":["https:\/\/ibs.org.pl\/en\/news\/call-for-papers-for-the-welar-project-conference\/"]}]},{"@type":"ImageObject","inLanguage":"en-US","@id":"https:\/\/ibs.org.pl\/en\/news\/call-for-papers-for-the-welar-project-conference\/#primaryimage","url":"https:\/\/ibs.org.pl\/wp-content\/uploads\/2024\/01\/welar-cfp-na-konfe.png","contentUrl":"https:\/\/ibs.org.pl\/wp-content\/uploads\/2024\/01\/welar-cfp-na-konfe.png","width":839,"height":464},{"@type":"BreadcrumbList","@id":"https:\/\/ibs.org.pl\/en\/news\/call-for-papers-for-the-welar-project-conference\/#breadcrumb","itemListElement":[{"@type":"ListItem","position":1,"name":"Home","item":"https:\/\/ibs.org.pl\/en\/"},{"@type":"ListItem","position":2,"name":"Call for papers for the WeLaR Project Conference"}]},{"@type":"WebSite","@id":"https:\/\/ibs.org.pl\/en\/#website","url":"https:\/\/ibs.org.pl\/en\/","name":"IBS - Instytut Bada\u0144 Strukturalnych","description":"Jeste\u015bmy niezale\u017cn\u0105 fundacj\u0105 naukow\u0105. Prowadzimy badania w obszarze m.in.: rynku pracy, polityki rodzinnej, finans\u00f3w publicznych, energii i klimatu.","potentialAction":[{"@type":"SearchAction","target":{"@type":"EntryPoint","urlTemplate":"https:\/\/ibs.org.pl\/en\/?s={search_term_string}"},"query-input":{"@type":"PropertyValueSpecification","valueRequired":true,"valueName":"search_term_string"}}],"inLanguage":"en-US"}]}},"_links":{"self":[{"href":"https:\/\/ibs.org.pl\/en\/wp-json\/wp\/v2\/news\/40836","targetHints":{"allow":["GET"]}}],"collection":[{"href":"https:\/\/ibs.org.pl\/en\/wp-json\/wp\/v2\/news"}],"about":[{"href":"https:\/\/ibs.org.pl\/en\/wp-json\/wp\/v2\/types\/news"}],"wp:featuredmedia":[{"embeddable":true,"href":"https:\/\/ibs.org.pl\/en\/wp-json\/wp\/v2\/media\/40791"}],"wp:attachment":[{"href":"https:\/\/ibs.org.pl\/en\/wp-json\/wp\/v2\/media?parent=40836"}],"wp:term":[{"taxonomy":"news_type","embeddable":true,"href":"https:\/\/ibs.org.pl\/en\/wp-json\/wp\/v2\/news_type?post=40836"}],"curies":[{"name":"wp","href":"https:\/\/api.w.org\/{rel}","templated":true}]}}