{"id":39798,"date":"2023-11-30T10:24:36","date_gmt":"2023-11-30T09:24:36","guid":{"rendered":"https:\/\/ibs.org.pl\/?post_type=news&#038;p=39798"},"modified":"2023-12-05T11:11:39","modified_gmt":"2023-12-05T10:11:39","slug":"paths2include-project-next-steps","status":"publish","type":"news","link":"https:\/\/ibs.org.pl\/en\/news\/paths2include-project-next-steps\/","title":{"rendered":"Paths2Include project \u2013 next steps"},"content":{"rendered":"\n<p>Iga Magda, Katarzyna Lipowska and Mateusz Smoter participated in the Paths2Include <a href=\"https:\/\/paths2include.eu\/project-updates\/project-kick-off\/\">meeting<\/a> on behalf of IBS. Iga Magda presented which groups are more exposed to unemployment, economic inactivity, lower employment stability or poor working conditions.<\/p>\n\n\n\n<p>Jointly with the partners from Germany, Norway, and Romania, we discussed the next steps of a study we are preparing that will simulate a recruitment process. It will allow us to investigate discriminatory practices in hiring based on the ethnic origin, gender or caring responsibilities of the job candidates. In the upcoming months, we will carry out a pilot study.<\/p>\n\n\n\n<p>We also discussed which variables we should present in the interactive map that will show various aspects of weak labour attachment in Europe; we designed an outline of the interviews with employers and discussed a preliminary agenda of the meeting that will take place next year and will gather representatives from non-governmental organizations, business and administration.<\/p>\n\n\n\n<p>We will carry out the Paths2Include <a href=\"https:\/\/ibs.org.pl\/en\/research\/paths2include-pathways-to-include-persons-in-vulnerable-situations\/\">project<\/a> for the next three years (2023 \u2013 2026).<\/p>\n\n\n\n<p>Stay tuned!<\/p>\n\n\n\n<figure class=\"wp-block-gallery has-nested-images columns-default is-cropped wp-block-gallery-1 is-layout-flex wp-block-gallery-is-layout-flex\">\n<figure class=\"wp-block-image size-large\"><a href=\"https:\/\/ibs.org.pl\/wp-content\/uploads\/2023\/11\/Kasia-Girona-scaled.jpeg\"><img loading=\"lazy\" decoding=\"async\" width=\"1024\" height=\"768\" data-id=\"39780\" src=\"https:\/\/ibs.org.pl\/wp-content\/uploads\/2023\/11\/Kasia-Girona-1024x768.jpeg\" alt=\"Katarzyna Lipowska at Paths2Include workshop\" class=\"wp-image-39780\" srcset=\"https:\/\/ibs.org.pl\/wp-content\/uploads\/2023\/11\/Kasia-Girona-1024x768.jpeg 1024w, https:\/\/ibs.org.pl\/wp-content\/uploads\/2023\/11\/Kasia-Girona-300x225.jpeg 300w, https:\/\/ibs.org.pl\/wp-content\/uploads\/2023\/11\/Kasia-Girona-768x576.jpeg 768w, https:\/\/ibs.org.pl\/wp-content\/uploads\/2023\/11\/Kasia-Girona-1536x1152.jpeg 1536w, https:\/\/ibs.org.pl\/wp-content\/uploads\/2023\/11\/Kasia-Girona-2048x1536.jpeg 2048w\" sizes=\"auto, (max-width: 1024px) 100vw, 1024px\" \/><\/a><figcaption class=\"wp-element-caption\">Katarzyna Lipowska<\/figcaption><\/figure>\n\n\n\n<figure class=\"wp-block-image size-large\"><a href=\"https:\/\/ibs.org.pl\/wp-content\/uploads\/2023\/11\/Mateusz-Girona1.jpg\"><img loading=\"lazy\" decoding=\"async\" width=\"1024\" height=\"768\" data-id=\"39786\" src=\"https:\/\/ibs.org.pl\/wp-content\/uploads\/2023\/11\/Mateusz-Girona1-1024x768.jpg\" alt=\"Mateusz Smoter at Paths2Include workshop\" class=\"wp-image-39786\" srcset=\"https:\/\/ibs.org.pl\/wp-content\/uploads\/2023\/11\/Mateusz-Girona1-1024x768.jpg 1024w, https:\/\/ibs.org.pl\/wp-content\/uploads\/2023\/11\/Mateusz-Girona1-300x225.jpg 300w, https:\/\/ibs.org.pl\/wp-content\/uploads\/2023\/11\/Mateusz-Girona1-768x576.jpg 768w, https:\/\/ibs.org.pl\/wp-content\/uploads\/2023\/11\/Mateusz-Girona1-1536x1152.jpg 1536w, https:\/\/ibs.org.pl\/wp-content\/uploads\/2023\/11\/Mateusz-Girona1.jpg 1600w\" sizes=\"auto, (max-width: 1024px) 100vw, 1024px\" \/><\/a><figcaption class=\"wp-element-caption\">Mateusz Smoter<\/figcaption><\/figure>\n\n\n\n<figure class=\"wp-block-image size-large\"><a href=\"https:\/\/ibs.org.pl\/wp-content\/uploads\/2023\/11\/Iga-Girona-1.jpg\"><img loading=\"lazy\" decoding=\"async\" width=\"1024\" height=\"768\" data-id=\"39774\" src=\"https:\/\/ibs.org.pl\/wp-content\/uploads\/2023\/11\/Iga-Girona-1-1024x768.jpg\" alt=\"Iga Magda at Paths2Include workshop\" class=\"wp-image-39774\" srcset=\"https:\/\/ibs.org.pl\/wp-content\/uploads\/2023\/11\/Iga-Girona-1-1024x768.jpg 1024w, https:\/\/ibs.org.pl\/wp-content\/uploads\/2023\/11\/Iga-Girona-1-300x225.jpg 300w, https:\/\/ibs.org.pl\/wp-content\/uploads\/2023\/11\/Iga-Girona-1-768x576.jpg 768w, https:\/\/ibs.org.pl\/wp-content\/uploads\/2023\/11\/Iga-Girona-1-1536x1152.jpg 1536w, https:\/\/ibs.org.pl\/wp-content\/uploads\/2023\/11\/Iga-Girona-1.jpg 1600w\" sizes=\"auto, (max-width: 1024px) 100vw, 1024px\" \/><\/a><figcaption class=\"wp-element-caption\">Iga Magda<\/figcaption><\/figure>\n<\/figure>\n\n\n\n<div style=\"height:25px\" aria-hidden=\"true\" class=\"wp-block-spacer\"><\/div>\n\n\n\n<p>Partners:<\/p>\n\n\n\n<p><a href=\"https:\/\/www.oslomet.no\/en\">OsloMet Storbyuniversitetet<\/a><br><a href=\"https:\/\/wwwen.uni.lu\/\">Universit\u00e9 du Luxembourg<\/a><br><a href=\"https:\/\/unibuc.ro\/\">Universitatea din Bucure\u0219ti<\/a><br><a href=\"https:\/\/www.pin.unifi.it\/\">PIN \u2013 Polo Universitario Citt\u00e0 di Prato<\/a><br><a href=\"https:\/\/www.udg.edu\/ca\/\">Universitat de&nbsp;Girona<\/a><br><a href=\"https:\/\/www.uni-hannover.de\/de\/\">Leibniz Universit\u00e4t Hannover<\/a><br><a href=\"https:\/\/ibs.org.pl\/\">Instytut Bada\u0144 Strukturalnych (IBS)<\/a><br><a href=\"https:\/\/coface-eu.org\/\">Conf\u00e9d\u00e9ration des organisations familiales de&nbsp;l\u2019UE (COFACE)<\/a><\/p>\n","protected":false},"featured_media":39966,"template":"","news_type":[305],"class_list":["post-39798","news","type-news","status-publish","has-post-thumbnail","hentry","news_type-workshop"],"acf":[],"yoast_head":"<!-- This site is optimized with the Yoast SEO plugin v27.5 - https:\/\/yoast.com\/product\/yoast-seo-wordpress\/ -->\n<title>Paths2Include project \u2013 next steps - IBS - Instytut Bada\u0144 Strukturalnych<\/title>\n<meta name=\"description\" content=\"A short coverage of Paths2INclude workshop, that took place in Girona, Spain with IBS researchers.\" \/>\n<meta name=\"robots\" content=\"index, follow, max-snippet:-1, max-image-preview:large, max-video-preview:-1\" \/>\n<link rel=\"canonical\" href=\"https:\/\/ibs.org.pl\/en\/news\/paths2include-project-next-steps\/\" \/>\n<meta property=\"og:locale\" content=\"en_US\" \/>\n<meta property=\"og:type\" content=\"article\" \/>\n<meta property=\"og:title\" content=\"Paths2Include project \u2013 next steps - IBS - Instytut Bada\u0144 Strukturalnych\" \/>\n<meta property=\"og:description\" content=\"A short coverage of Paths2INclude workshop, that took place in Girona, Spain with IBS researchers.\" \/>\n<meta property=\"og:url\" content=\"https:\/\/ibs.org.pl\/en\/news\/paths2include-project-next-steps\/\" \/>\n<meta property=\"og:site_name\" content=\"IBS - Instytut Bada\u0144 Strukturalnych\" \/>\n<meta property=\"article:modified_time\" content=\"2023-12-05T10:11:39+00:00\" \/>\n<meta property=\"og:image\" content=\"https:\/\/ibs.org.pl\/wp-content\/uploads\/2023\/11\/na-strone-giro-small.png\" \/>\n\t<meta property=\"og:image:width\" content=\"600\" \/>\n\t<meta property=\"og:image:height\" content=\"283\" \/>\n\t<meta property=\"og:image:type\" content=\"image\/png\" \/>\n<meta name=\"twitter:card\" content=\"summary_large_image\" \/>\n<meta name=\"twitter:label1\" content=\"Est. reading time\" \/>\n\t<meta name=\"twitter:data1\" content=\"2 minutes\" \/>\n<script type=\"application\/ld+json\" class=\"yoast-schema-graph\">{\"@context\":\"https:\\\/\\\/schema.org\",\"@graph\":[{\"@type\":\"WebPage\",\"@id\":\"https:\\\/\\\/ibs.org.pl\\\/en\\\/news\\\/paths2include-project-next-steps\\\/\",\"url\":\"https:\\\/\\\/ibs.org.pl\\\/en\\\/news\\\/paths2include-project-next-steps\\\/\",\"name\":\"Paths2Include project \u2013 next steps - IBS - Instytut Bada\u0144 Strukturalnych\",\"isPartOf\":{\"@id\":\"https:\\\/\\\/ibs.org.pl\\\/en\\\/#website\"},\"primaryImageOfPage\":{\"@id\":\"https:\\\/\\\/ibs.org.pl\\\/en\\\/news\\\/paths2include-project-next-steps\\\/#primaryimage\"},\"image\":{\"@id\":\"https:\\\/\\\/ibs.org.pl\\\/en\\\/news\\\/paths2include-project-next-steps\\\/#primaryimage\"},\"thumbnailUrl\":\"https:\\\/\\\/ibs.org.pl\\\/wp-content\\\/uploads\\\/2023\\\/11\\\/na-strone-giro-small.png\",\"datePublished\":\"2023-11-30T09:24:36+00:00\",\"dateModified\":\"2023-12-05T10:11:39+00:00\",\"description\":\"A short coverage of Paths2INclude workshop, that took place in Girona, Spain with IBS researchers.\",\"breadcrumb\":{\"@id\":\"https:\\\/\\\/ibs.org.pl\\\/en\\\/news\\\/paths2include-project-next-steps\\\/#breadcrumb\"},\"inLanguage\":\"en-US\",\"potentialAction\":[{\"@type\":\"ReadAction\",\"target\":[\"https:\\\/\\\/ibs.org.pl\\\/en\\\/news\\\/paths2include-project-next-steps\\\/\"]}]},{\"@type\":\"ImageObject\",\"inLanguage\":\"en-US\",\"@id\":\"https:\\\/\\\/ibs.org.pl\\\/en\\\/news\\\/paths2include-project-next-steps\\\/#primaryimage\",\"url\":\"https:\\\/\\\/ibs.org.pl\\\/wp-content\\\/uploads\\\/2023\\\/11\\\/na-strone-giro-small.png\",\"contentUrl\":\"https:\\\/\\\/ibs.org.pl\\\/wp-content\\\/uploads\\\/2023\\\/11\\\/na-strone-giro-small.png\",\"width\":600,\"height\":283},{\"@type\":\"BreadcrumbList\",\"@id\":\"https:\\\/\\\/ibs.org.pl\\\/en\\\/news\\\/paths2include-project-next-steps\\\/#breadcrumb\",\"itemListElement\":[{\"@type\":\"ListItem\",\"position\":1,\"name\":\"Home\",\"item\":\"https:\\\/\\\/ibs.org.pl\\\/en\\\/\"},{\"@type\":\"ListItem\",\"position\":2,\"name\":\"Paths2Include project \u2013 next steps\"}]},{\"@type\":\"WebSite\",\"@id\":\"https:\\\/\\\/ibs.org.pl\\\/en\\\/#website\",\"url\":\"https:\\\/\\\/ibs.org.pl\\\/en\\\/\",\"name\":\"IBS - Instytut Bada\u0144 Strukturalnych\",\"description\":\"Jeste\u015bmy niezale\u017cn\u0105 fundacj\u0105 naukow\u0105. Prowadzimy badania w obszarze m.in.: rynku pracy, polityki rodzinnej, finans\u00f3w publicznych, energii i klimatu.\",\"potentialAction\":[{\"@type\":\"SearchAction\",\"target\":{\"@type\":\"EntryPoint\",\"urlTemplate\":\"https:\\\/\\\/ibs.org.pl\\\/en\\\/?s={search_term_string}\"},\"query-input\":{\"@type\":\"PropertyValueSpecification\",\"valueRequired\":true,\"valueName\":\"search_term_string\"}}],\"inLanguage\":\"en-US\"}]}<\/script>\n<!-- \/ Yoast SEO plugin. -->","yoast_head_json":{"title":"Paths2Include project \u2013 next steps - IBS - Instytut Bada\u0144 Strukturalnych","description":"A short coverage of Paths2INclude workshop, that took place in Girona, Spain with IBS researchers.","robots":{"index":"index","follow":"follow","max-snippet":"max-snippet:-1","max-image-preview":"max-image-preview:large","max-video-preview":"max-video-preview:-1"},"canonical":"https:\/\/ibs.org.pl\/en\/news\/paths2include-project-next-steps\/","og_locale":"en_US","og_type":"article","og_title":"Paths2Include project \u2013 next steps - IBS - Instytut Bada\u0144 Strukturalnych","og_description":"A short coverage of Paths2INclude workshop, that took place in Girona, Spain with IBS researchers.","og_url":"https:\/\/ibs.org.pl\/en\/news\/paths2include-project-next-steps\/","og_site_name":"IBS - Instytut Bada\u0144 Strukturalnych","article_modified_time":"2023-12-05T10:11:39+00:00","og_image":[{"width":600,"height":283,"url":"https:\/\/ibs.org.pl\/wp-content\/uploads\/2023\/11\/na-strone-giro-small.png","type":"image\/png"}],"twitter_card":"summary_large_image","twitter_misc":{"Est. reading time":"2 minutes"},"schema":{"@context":"https:\/\/schema.org","@graph":[{"@type":"WebPage","@id":"https:\/\/ibs.org.pl\/en\/news\/paths2include-project-next-steps\/","url":"https:\/\/ibs.org.pl\/en\/news\/paths2include-project-next-steps\/","name":"Paths2Include project \u2013 next steps - IBS - Instytut Bada\u0144 Strukturalnych","isPartOf":{"@id":"https:\/\/ibs.org.pl\/en\/#website"},"primaryImageOfPage":{"@id":"https:\/\/ibs.org.pl\/en\/news\/paths2include-project-next-steps\/#primaryimage"},"image":{"@id":"https:\/\/ibs.org.pl\/en\/news\/paths2include-project-next-steps\/#primaryimage"},"thumbnailUrl":"https:\/\/ibs.org.pl\/wp-content\/uploads\/2023\/11\/na-strone-giro-small.png","datePublished":"2023-11-30T09:24:36+00:00","dateModified":"2023-12-05T10:11:39+00:00","description":"A short coverage of Paths2INclude workshop, that took place in Girona, Spain with IBS researchers.","breadcrumb":{"@id":"https:\/\/ibs.org.pl\/en\/news\/paths2include-project-next-steps\/#breadcrumb"},"inLanguage":"en-US","potentialAction":[{"@type":"ReadAction","target":["https:\/\/ibs.org.pl\/en\/news\/paths2include-project-next-steps\/"]}]},{"@type":"ImageObject","inLanguage":"en-US","@id":"https:\/\/ibs.org.pl\/en\/news\/paths2include-project-next-steps\/#primaryimage","url":"https:\/\/ibs.org.pl\/wp-content\/uploads\/2023\/11\/na-strone-giro-small.png","contentUrl":"https:\/\/ibs.org.pl\/wp-content\/uploads\/2023\/11\/na-strone-giro-small.png","width":600,"height":283},{"@type":"BreadcrumbList","@id":"https:\/\/ibs.org.pl\/en\/news\/paths2include-project-next-steps\/#breadcrumb","itemListElement":[{"@type":"ListItem","position":1,"name":"Home","item":"https:\/\/ibs.org.pl\/en\/"},{"@type":"ListItem","position":2,"name":"Paths2Include project \u2013 next steps"}]},{"@type":"WebSite","@id":"https:\/\/ibs.org.pl\/en\/#website","url":"https:\/\/ibs.org.pl\/en\/","name":"IBS - Instytut Bada\u0144 Strukturalnych","description":"Jeste\u015bmy niezale\u017cn\u0105 fundacj\u0105 naukow\u0105. Prowadzimy badania w obszarze m.in.: rynku pracy, polityki rodzinnej, finans\u00f3w publicznych, energii i klimatu.","potentialAction":[{"@type":"SearchAction","target":{"@type":"EntryPoint","urlTemplate":"https:\/\/ibs.org.pl\/en\/?s={search_term_string}"},"query-input":{"@type":"PropertyValueSpecification","valueRequired":true,"valueName":"search_term_string"}}],"inLanguage":"en-US"}]}},"_links":{"self":[{"href":"https:\/\/ibs.org.pl\/en\/wp-json\/wp\/v2\/news\/39798","targetHints":{"allow":["GET"]}}],"collection":[{"href":"https:\/\/ibs.org.pl\/en\/wp-json\/wp\/v2\/news"}],"about":[{"href":"https:\/\/ibs.org.pl\/en\/wp-json\/wp\/v2\/types\/news"}],"wp:featuredmedia":[{"embeddable":true,"href":"https:\/\/ibs.org.pl\/en\/wp-json\/wp\/v2\/media\/39966"}],"wp:attachment":[{"href":"https:\/\/ibs.org.pl\/en\/wp-json\/wp\/v2\/media?parent=39798"}],"wp:term":[{"taxonomy":"news_type","embeddable":true,"href":"https:\/\/ibs.org.pl\/en\/wp-json\/wp\/v2\/news_type?post=39798"}],"curies":[{"name":"wp","href":"https:\/\/api.w.org\/{rel}","templated":true}]}}