{"id":37305,"date":"2023-09-21T14:51:54","date_gmt":"2023-09-21T12:51:54","guid":{"rendered":"https:\/\/ibs.org.pl\/?post_type=news&#038;p=37305"},"modified":"2023-10-13T11:11:27","modified_gmt":"2023-10-13T09:11:27","slug":"international-annual-conference-on-energy-poverty-epah-in-warsaw","status":"publish","type":"news","link":"https:\/\/ibs.org.pl\/en\/news\/international-annual-conference-on-energy-poverty-epah-in-warsaw\/","title":{"rendered":"International Annual Conference on Energy Poverty (EPAH) in Warsaw"},"content":{"rendered":"\n<p>The event is organised annually by the Center for Energy Poverty Advisory (EPAH) and the Directorate-General for Energy (DG ENER) of the European Commission, with the support of the Committee of the Regions. This year&#8217;s edition co-organisers were the City of Warsaw and the Polish Network Energy-Cit\u00e9s (PNEC).<\/p>\n\n\n\n<p>During the conference, we participated in two sessions: &#8220;Financing Renovations Where They Are Most Needed: Investment Plans for Renovations&#8221; and &#8220;From Social Climate Fund to Social Climate Justice: Uniting Ambitious Climate and Social Policy Goals.&#8221; We presented the results of research conducted as part of the projects: (1) &#8220;Distributional Effects of Emissions Taxation in Central and Eastern Europe&#8221; and (2) &#8220;Energy Poverty among Women in Poland.&#8221; In both sessions, we also conducted workshops for conference participants, including one on residential building renovation strategies as part of the ongoing CARE project, mentioned by the Mayor of Warsaw in the <a href=\"https:\/\/www.youtube.com\/watch?v=oKeXL8bCQ5Q&amp;list=PLst-Hb6W0Mn_H0bhnKZYGw7xVSd-G0lMr\">opening speech<\/a>.<\/p>\n\n\n\n<p>In the session dedicated to financing building renovations, moderated by Anna Bajomi from FEANTSA, Jakub Soko\u0142owski highlighted the challenges associated with the need for housing renovations in Poland, as documented in the publication <a href=\"https:\/\/www.feantsa.org\/en\/report\/2023\/09\/19\/energy-poverty-and-unfit-housing-in-poland?bcParent=27\">Energy Poverty and Unfit Housing in Poland<\/a>. He emphasised the scale of investments required to improve the energy efficiency of housing stock and the issue of energy poverty in multi-family buildings. Jakub noted that funds are currently available for investments. Still, there is a lack of a system to identify priority intervention areas and a clear signal on prioritising renovations.<\/p>\n\n\n\n<div class=\"wp-block-columns are-vertically-aligned-center is-layout-flex wp-container-core-columns-is-layout-9d6595d7 wp-block-columns-is-layout-flex\">\n<div class=\"wp-block-column is-vertically-aligned-center is-layout-flow wp-block-column-is-layout-flow\">\n<figure class=\"wp-block-image size-full\"><img loading=\"lazy\" decoding=\"async\" width=\"739\" height=\"479\" src=\"https:\/\/ibs.org.pl\/wp-content\/uploads\/2023\/10\/epah-kuba-1.jpg\" alt=\"International Annual Conference on Energy Poverty (EPAH)\" class=\"wp-image-37269\" srcset=\"https:\/\/ibs.org.pl\/wp-content\/uploads\/2023\/10\/epah-kuba-1.jpg 739w, https:\/\/ibs.org.pl\/wp-content\/uploads\/2023\/10\/epah-kuba-1-300x194.jpg 300w\" sizes=\"auto, (max-width: 739px) 100vw, 739px\" \/><\/figure>\n<\/div>\n\n\n\n<div class=\"wp-block-column is-vertically-aligned-center is-layout-flow wp-block-column-is-layout-flow\">\n<figure class=\"wp-block-image size-full is-resized\"><img loading=\"lazy\" decoding=\"async\" src=\"https:\/\/ibs.org.pl\/wp-content\/uploads\/2023\/10\/epah-janek-1.jpg\" alt=\"International Annual Conference on Energy Poverty (EPAH)\" class=\"wp-image-37275\" style=\"width:517px;height:314px\" width=\"517\" height=\"314\" srcset=\"https:\/\/ibs.org.pl\/wp-content\/uploads\/2023\/10\/epah-janek-1.jpg 788w, https:\/\/ibs.org.pl\/wp-content\/uploads\/2023\/10\/epah-janek-1-300x182.jpg 300w, https:\/\/ibs.org.pl\/wp-content\/uploads\/2023\/10\/epah-janek-1-768x467.jpg 768w\" sizes=\"auto, (max-width: 517px) 100vw, 517px\" \/><\/figure>\n<\/div>\n<\/div>\n\n\n\n<h4 class=\"wp-block-heading\">Transformation at EPAH Conference<\/h4>\n\n\n\n<p>In the panel discussion, Jan Frankowski highlighted the distribution pathways of the Clean Air Program and the need for its further development while maintaining complementarity with other support programs, such as the Just Transition Fund. Jan Nill from the European Commission and Zsuzsanna Korit\u00e1r from Habitat for Humanity Hungary also commented on the consequences of ETS-2 decisions and the energy efficiency directive for EU member states.<\/p>\n\n\n\n<p>During the workshop, we discussed the diversity of priorities decision-makers may consider when planning housing investments. Implementing various sets of criteria can lead to different decisions regarding the schedule and scope of investments. The workshops sparked exciting discussions and the exchange of experiences among participants.<\/p>\n\n\n\n<div class=\"wp-block-columns are-vertically-aligned-center is-layout-flex wp-container-core-columns-is-layout-9d6595d7 wp-block-columns-is-layout-flex\">\n<div class=\"wp-block-column is-vertically-aligned-center is-layout-flow wp-block-column-is-layout-flow\">\n<figure class=\"wp-block-image size-full\"><img loading=\"lazy\" decoding=\"async\" width=\"640\" height=\"399\" src=\"https:\/\/ibs.org.pl\/wp-content\/uploads\/2023\/10\/epah-2.jpg\" alt=\"International Annual Conference on Energy Poverty (EPAH)\" class=\"wp-image-37281\" srcset=\"https:\/\/ibs.org.pl\/wp-content\/uploads\/2023\/10\/epah-2.jpg 640w, https:\/\/ibs.org.pl\/wp-content\/uploads\/2023\/10\/epah-2-300x187.jpg 300w\" sizes=\"auto, (max-width: 640px) 100vw, 640px\" \/><\/figure>\n<\/div>\n\n\n\n<div class=\"wp-block-column is-vertically-aligned-center is-layout-flow wp-block-column-is-layout-flow\">\n<figure class=\"wp-block-image size-full is-resized\"><img loading=\"lazy\" decoding=\"async\" src=\"https:\/\/ibs.org.pl\/wp-content\/uploads\/2023\/10\/epah-2a.jpg\" alt=\"International Annual Conference on Energy Poverty (EPAH)\" class=\"wp-image-37287\" style=\"width:503px;height:299px\" width=\"503\" height=\"299\" srcset=\"https:\/\/ibs.org.pl\/wp-content\/uploads\/2023\/10\/epah-2a.jpg 672w, https:\/\/ibs.org.pl\/wp-content\/uploads\/2023\/10\/epah-2a-300x179.jpg 300w\" sizes=\"auto, (max-width: 503px) 100vw, 503px\" \/><\/figure>\n<\/div>\n<\/div>\n\n\n\n<h4 class=\"wp-block-heading\">IBS on the fight against energy poverty<\/h4>\n\n\n\n<p>We also co-organized the session on the Social Climate Fund together with <a href=\"https:\/\/habitat.pl\/\">Habitat for Humanity Poland<\/a>, <a href=\"https:\/\/stocznia.org.pl\/\">Stocznia Foundation<\/a>, and the <a href=\"https:\/\/kape.gov.pl\/\">National Energy Conservation Agency<\/a>. The session began with the presentation of instruments that can be used to reduce energy poverty. In his speech, Jakub Soko\u0142owski outlined various possibilities for redistributing funds from emissions taxation based on <a href=\"https:\/\/ibs.org.pl\/publications\/jak-zapobiec-zoltym-kamizelkom-ocena-preferencji-dotyczacych-podatku-weglowego-za-pomoca-eksperymentu-ekonomicznego\/\">IBS Working Paper<\/a> results and emphasised that the choice of measures would depend on the priority criteria set by policymakers. The questions raised during the presentation served as a basis for further discussion within the session.<\/p>\n\n\n\n<p>In the panel moderated by Joanna Mazurkiewicz, we discussed the specific challenges of energy poverty in Central and Eastern European countries, actions taken to reduce its scale in Poland, and opportunities to increase stakeholder engagement in energy transition. <\/p>\n\n\n\n<div class=\"wp-block-columns is-layout-flex wp-container-core-columns-is-layout-9d6595d7 wp-block-columns-is-layout-flex\">\n<div class=\"wp-block-column is-layout-flow wp-block-column-is-layout-flow\" style=\"flex-basis:33.33%\">\n<p>Experts, including Gyorgy Sumeghy from Habitat for Humanity International, Dariusz Stankiewicz from the Silesian Voivodeship Marshal&#8217;s Office, and Marcin Jamio\u0142kowski from the National Fund for Environmental Protection and Water Management, contributed to the discussion.<\/p>\n\n\n\n<figure class=\"wp-block-image size-full\"><img loading=\"lazy\" decoding=\"async\" width=\"227\" height=\"176\" src=\"https:\/\/ibs.org.pl\/wp-content\/uploads\/2023\/10\/epah-3.png\" alt=\"International Annual Conference on Energy Poverty (EPAH)\" class=\"wp-image-37293\"\/><\/figure>\n<\/div>\n\n\n\n<div class=\"wp-block-column is-layout-flow wp-block-column-is-layout-flow\" style=\"flex-basis:66.66%\">\n<figure class=\"wp-block-image size-full\"><img loading=\"lazy\" decoding=\"async\" width=\"718\" height=\"538\" src=\"https:\/\/ibs.org.pl\/wp-content\/uploads\/2023\/10\/epah-3a.jpg\" alt=\"International Annual Conference on Energy Poverty (EPAH)\" class=\"wp-image-37299\" srcset=\"https:\/\/ibs.org.pl\/wp-content\/uploads\/2023\/10\/epah-3a.jpg 718w, https:\/\/ibs.org.pl\/wp-content\/uploads\/2023\/10\/epah-3a-300x225.jpg 300w\" sizes=\"auto, (max-width: 718px) 100vw, 718px\" \/><\/figure>\n<\/div>\n<\/div>\n\n\n\n<p>Subsequently, together with workshop participants, we explored how solutions such as direct transfers and investment support for households should be designed to reduce energy poverty and support household energy transition effectively. We also discussed strengthening citizen participation in programming solutions to address energy poverty.<\/p>\n\n\n\n<p>The meeting provided an excellent opportunity to discuss the challenges of energy poverty with decision-makers in the European Commission, local government practitioners from the EU countries, and NGOs working with individuals in poverty crises. The meeting also featured valuable presentations on identifying and measuring this issue.<\/p>\n","protected":false},"featured_media":37260,"template":"","news_type":[308],"class_list":["post-37305","news","type-news","status-publish","has-post-thumbnail","hentry","news_type-conference"],"acf":[],"yoast_head":"<!-- This site is optimized with the Yoast SEO plugin v27.3 - https:\/\/yoast.com\/product\/yoast-seo-wordpress\/ -->\n<title>International Annual Conference on Energy Poverty (EPAH) in Warsaw - IBS - Instytut Bada\u0144 Strukturalnych<\/title>\n<meta name=\"description\" content=\"International Annual Conference on Energy Poverty (EPAH) where IBS researchers shared their findings on transition and energy poverty.\" \/>\n<meta name=\"robots\" content=\"index, follow, max-snippet:-1, max-image-preview:large, max-video-preview:-1\" \/>\n<link rel=\"canonical\" href=\"https:\/\/ibs.org.pl\/en\/news\/international-annual-conference-on-energy-poverty-epah-in-warsaw\/\" \/>\n<meta property=\"og:locale\" content=\"en_US\" \/>\n<meta property=\"og:type\" content=\"article\" \/>\n<meta property=\"og:title\" content=\"International Annual Conference on Energy Poverty (EPAH) in Warsaw - IBS - Instytut Bada\u0144 Strukturalnych\" \/>\n<meta property=\"og:description\" content=\"International Annual Conference on Energy Poverty (EPAH) where IBS researchers shared their findings on transition and energy poverty.\" \/>\n<meta property=\"og:url\" content=\"https:\/\/ibs.org.pl\/en\/news\/international-annual-conference-on-energy-poverty-epah-in-warsaw\/\" \/>\n<meta property=\"og:site_name\" content=\"IBS - Instytut Bada\u0144 Strukturalnych\" \/>\n<meta property=\"article:modified_time\" content=\"2023-10-13T09:11:27+00:00\" \/>\n<meta property=\"og:image\" content=\"https:\/\/ibs.org.pl\/wp-content\/uploads\/2023\/10\/Epah-IX_2023-banner.png\" \/>\n\t<meta property=\"og:image:width\" content=\"974\" \/>\n\t<meta property=\"og:image:height\" content=\"562\" \/>\n\t<meta property=\"og:image:type\" content=\"image\/png\" \/>\n<meta name=\"twitter:card\" content=\"summary_large_image\" \/>\n<meta name=\"twitter:label1\" content=\"Est. reading time\" \/>\n\t<meta name=\"twitter:data1\" content=\"5 minutes\" \/>\n<script type=\"application\/ld+json\" class=\"yoast-schema-graph\">{\"@context\":\"https:\\\/\\\/schema.org\",\"@graph\":[{\"@type\":\"WebPage\",\"@id\":\"https:\\\/\\\/ibs.org.pl\\\/en\\\/news\\\/international-annual-conference-on-energy-poverty-epah-in-warsaw\\\/\",\"url\":\"https:\\\/\\\/ibs.org.pl\\\/en\\\/news\\\/international-annual-conference-on-energy-poverty-epah-in-warsaw\\\/\",\"name\":\"International Annual Conference on Energy Poverty (EPAH) in Warsaw - IBS - Instytut Bada\u0144 Strukturalnych\",\"isPartOf\":{\"@id\":\"https:\\\/\\\/ibs.org.pl\\\/en\\\/#website\"},\"primaryImageOfPage\":{\"@id\":\"https:\\\/\\\/ibs.org.pl\\\/en\\\/news\\\/international-annual-conference-on-energy-poverty-epah-in-warsaw\\\/#primaryimage\"},\"image\":{\"@id\":\"https:\\\/\\\/ibs.org.pl\\\/en\\\/news\\\/international-annual-conference-on-energy-poverty-epah-in-warsaw\\\/#primaryimage\"},\"thumbnailUrl\":\"https:\\\/\\\/ibs.org.pl\\\/wp-content\\\/uploads\\\/2023\\\/10\\\/Epah-IX_2023-banner.png\",\"datePublished\":\"2023-09-21T12:51:54+00:00\",\"dateModified\":\"2023-10-13T09:11:27+00:00\",\"description\":\"International Annual Conference on Energy Poverty (EPAH) where IBS researchers shared their findings on transition and energy poverty.\",\"breadcrumb\":{\"@id\":\"https:\\\/\\\/ibs.org.pl\\\/en\\\/news\\\/international-annual-conference-on-energy-poverty-epah-in-warsaw\\\/#breadcrumb\"},\"inLanguage\":\"en-US\",\"potentialAction\":[{\"@type\":\"ReadAction\",\"target\":[\"https:\\\/\\\/ibs.org.pl\\\/en\\\/news\\\/international-annual-conference-on-energy-poverty-epah-in-warsaw\\\/\"]}]},{\"@type\":\"ImageObject\",\"inLanguage\":\"en-US\",\"@id\":\"https:\\\/\\\/ibs.org.pl\\\/en\\\/news\\\/international-annual-conference-on-energy-poverty-epah-in-warsaw\\\/#primaryimage\",\"url\":\"https:\\\/\\\/ibs.org.pl\\\/wp-content\\\/uploads\\\/2023\\\/10\\\/Epah-IX_2023-banner.png\",\"contentUrl\":\"https:\\\/\\\/ibs.org.pl\\\/wp-content\\\/uploads\\\/2023\\\/10\\\/Epah-IX_2023-banner.png\",\"width\":974,\"height\":562},{\"@type\":\"BreadcrumbList\",\"@id\":\"https:\\\/\\\/ibs.org.pl\\\/en\\\/news\\\/international-annual-conference-on-energy-poverty-epah-in-warsaw\\\/#breadcrumb\",\"itemListElement\":[{\"@type\":\"ListItem\",\"position\":1,\"name\":\"Home\",\"item\":\"https:\\\/\\\/ibs.org.pl\\\/en\\\/\"},{\"@type\":\"ListItem\",\"position\":2,\"name\":\"International Annual Conference on Energy Poverty (EPAH) in Warsaw\"}]},{\"@type\":\"WebSite\",\"@id\":\"https:\\\/\\\/ibs.org.pl\\\/en\\\/#website\",\"url\":\"https:\\\/\\\/ibs.org.pl\\\/en\\\/\",\"name\":\"IBS - Instytut Bada\u0144 Strukturalnych\",\"description\":\"Jeste\u015bmy niezale\u017cn\u0105 fundacj\u0105 naukow\u0105. Prowadzimy badania w obszarze m.in.: rynku pracy, polityki rodzinnej, finans\u00f3w publicznych, energii i klimatu.\",\"potentialAction\":[{\"@type\":\"SearchAction\",\"target\":{\"@type\":\"EntryPoint\",\"urlTemplate\":\"https:\\\/\\\/ibs.org.pl\\\/en\\\/?s={search_term_string}\"},\"query-input\":{\"@type\":\"PropertyValueSpecification\",\"valueRequired\":true,\"valueName\":\"search_term_string\"}}],\"inLanguage\":\"en-US\"}]}<\/script>\n<!-- \/ Yoast SEO plugin. -->","yoast_head_json":{"title":"International Annual Conference on Energy Poverty (EPAH) in Warsaw - IBS - Instytut Bada\u0144 Strukturalnych","description":"International Annual Conference on Energy Poverty (EPAH) where IBS researchers shared their findings on transition and energy poverty.","robots":{"index":"index","follow":"follow","max-snippet":"max-snippet:-1","max-image-preview":"max-image-preview:large","max-video-preview":"max-video-preview:-1"},"canonical":"https:\/\/ibs.org.pl\/en\/news\/international-annual-conference-on-energy-poverty-epah-in-warsaw\/","og_locale":"en_US","og_type":"article","og_title":"International Annual Conference on Energy Poverty (EPAH) in Warsaw - IBS - Instytut Bada\u0144 Strukturalnych","og_description":"International Annual Conference on Energy Poverty (EPAH) where IBS researchers shared their findings on transition and energy poverty.","og_url":"https:\/\/ibs.org.pl\/en\/news\/international-annual-conference-on-energy-poverty-epah-in-warsaw\/","og_site_name":"IBS - Instytut Bada\u0144 Strukturalnych","article_modified_time":"2023-10-13T09:11:27+00:00","og_image":[{"width":974,"height":562,"url":"https:\/\/ibs.org.pl\/wp-content\/uploads\/2023\/10\/Epah-IX_2023-banner.png","type":"image\/png"}],"twitter_card":"summary_large_image","twitter_misc":{"Est. reading time":"5 minutes"},"schema":{"@context":"https:\/\/schema.org","@graph":[{"@type":"WebPage","@id":"https:\/\/ibs.org.pl\/en\/news\/international-annual-conference-on-energy-poverty-epah-in-warsaw\/","url":"https:\/\/ibs.org.pl\/en\/news\/international-annual-conference-on-energy-poverty-epah-in-warsaw\/","name":"International Annual Conference on Energy Poverty (EPAH) in Warsaw - IBS - Instytut Bada\u0144 Strukturalnych","isPartOf":{"@id":"https:\/\/ibs.org.pl\/en\/#website"},"primaryImageOfPage":{"@id":"https:\/\/ibs.org.pl\/en\/news\/international-annual-conference-on-energy-poverty-epah-in-warsaw\/#primaryimage"},"image":{"@id":"https:\/\/ibs.org.pl\/en\/news\/international-annual-conference-on-energy-poverty-epah-in-warsaw\/#primaryimage"},"thumbnailUrl":"https:\/\/ibs.org.pl\/wp-content\/uploads\/2023\/10\/Epah-IX_2023-banner.png","datePublished":"2023-09-21T12:51:54+00:00","dateModified":"2023-10-13T09:11:27+00:00","description":"International Annual Conference on Energy Poverty (EPAH) where IBS researchers shared their findings on transition and energy poverty.","breadcrumb":{"@id":"https:\/\/ibs.org.pl\/en\/news\/international-annual-conference-on-energy-poverty-epah-in-warsaw\/#breadcrumb"},"inLanguage":"en-US","potentialAction":[{"@type":"ReadAction","target":["https:\/\/ibs.org.pl\/en\/news\/international-annual-conference-on-energy-poverty-epah-in-warsaw\/"]}]},{"@type":"ImageObject","inLanguage":"en-US","@id":"https:\/\/ibs.org.pl\/en\/news\/international-annual-conference-on-energy-poverty-epah-in-warsaw\/#primaryimage","url":"https:\/\/ibs.org.pl\/wp-content\/uploads\/2023\/10\/Epah-IX_2023-banner.png","contentUrl":"https:\/\/ibs.org.pl\/wp-content\/uploads\/2023\/10\/Epah-IX_2023-banner.png","width":974,"height":562},{"@type":"BreadcrumbList","@id":"https:\/\/ibs.org.pl\/en\/news\/international-annual-conference-on-energy-poverty-epah-in-warsaw\/#breadcrumb","itemListElement":[{"@type":"ListItem","position":1,"name":"Home","item":"https:\/\/ibs.org.pl\/en\/"},{"@type":"ListItem","position":2,"name":"International Annual Conference on Energy Poverty (EPAH) in Warsaw"}]},{"@type":"WebSite","@id":"https:\/\/ibs.org.pl\/en\/#website","url":"https:\/\/ibs.org.pl\/en\/","name":"IBS - Instytut Bada\u0144 Strukturalnych","description":"Jeste\u015bmy niezale\u017cn\u0105 fundacj\u0105 naukow\u0105. Prowadzimy badania w obszarze m.in.: rynku pracy, polityki rodzinnej, finans\u00f3w publicznych, energii i klimatu.","potentialAction":[{"@type":"SearchAction","target":{"@type":"EntryPoint","urlTemplate":"https:\/\/ibs.org.pl\/en\/?s={search_term_string}"},"query-input":{"@type":"PropertyValueSpecification","valueRequired":true,"valueName":"search_term_string"}}],"inLanguage":"en-US"}]}},"_links":{"self":[{"href":"https:\/\/ibs.org.pl\/en\/wp-json\/wp\/v2\/news\/37305","targetHints":{"allow":["GET"]}}],"collection":[{"href":"https:\/\/ibs.org.pl\/en\/wp-json\/wp\/v2\/news"}],"about":[{"href":"https:\/\/ibs.org.pl\/en\/wp-json\/wp\/v2\/types\/news"}],"wp:featuredmedia":[{"embeddable":true,"href":"https:\/\/ibs.org.pl\/en\/wp-json\/wp\/v2\/media\/37260"}],"wp:attachment":[{"href":"https:\/\/ibs.org.pl\/en\/wp-json\/wp\/v2\/media?parent=37305"}],"wp:term":[{"taxonomy":"news_type","embeddable":true,"href":"https:\/\/ibs.org.pl\/en\/wp-json\/wp\/v2\/news_type?post=37305"}],"curies":[{"name":"wp","href":"https:\/\/api.w.org\/{rel}","templated":true}]}}