{"id":35629,"date":"2023-07-25T14:29:43","date_gmt":"2023-07-25T12:29:43","guid":{"rendered":"https:\/\/ibs.org.pl\/?post_type=news&#038;p=35629"},"modified":"2023-07-25T14:44:19","modified_gmt":"2023-07-25T12:44:19","slug":"ibs-on-the-employment-of-people-with-disabilities-at-the-iab-conference","status":"publish","type":"news","link":"https:\/\/ibs.org.pl\/en\/news\/ibs-on-the-employment-of-people-with-disabilities-at-the-iab-conference\/","title":{"rendered":"IBS on the employment of people with disabilities at the IAB conference"},"content":{"rendered":"\n<div style=\"height:20px\" aria-hidden=\"true\" class=\"wp-block-spacer\"><\/div>\n\n\n\n<p>The IAB is a labour market research institute. Its purpose is to advise political actors at all levels. Economists, sociologists and other social researchers at the IAB use the comprehensive labour market databases available there in their research.<\/p>\n\n\n\n<p>Agata Rozszczypa\u0142a presented a paper <a href=\"https:\/\/ibs.org.pl\/en\/publications\/the-employment-effects-of-the-disability-education-gap-in-europe\/\">on the impact of the disability-related education gap on employment in the European Union<\/a> (written with Maciej Albinowski and Iga Magda). An important finding of the study is that 20% of the employment gap for people with disabilities aged 25-34 in the EU can be attributed to the education gap.<\/p>\n\n\n\n<p>The presentation was part of a session on groups in the labour market. In this session, researchers from the University of Antwerp and the University of M\u00fcnster also presented the results of their research on trade unions and the gender pay gap.<\/p>\n\n\n\n<p>The event&#8217;s website you can find <a href=\"https:\/\/iab.de\/en\/iab-veranstaltungen\/social-policy-and-the-labour-market-in-turbulent-times-no-need-for-change\/\">here<\/a>.<\/p>\n","protected":false},"featured_media":35623,"template":"","news_type":[308],"class_list":["post-35629","news","type-news","status-publish","has-post-thumbnail","hentry","news_type-conference"],"acf":[],"yoast_head":"<!-- This site is optimized with the Yoast SEO plugin v27.5 - https:\/\/yoast.com\/product\/yoast-seo-wordpress\/ -->\n<title>IBS on the employment of people with disabilities at the IAB conference - IBS - Instytut Bada\u0144 Strukturalnych<\/title>\n<meta name=\"description\" content=\"Report from the IAB conference, where Agata Rozszyczypa\u0142a presented a study on the employment of people with disabilities.\" \/>\n<meta name=\"robots\" content=\"index, follow, max-snippet:-1, max-image-preview:large, max-video-preview:-1\" \/>\n<link rel=\"canonical\" href=\"https:\/\/ibs.org.pl\/en\/news\/ibs-on-the-employment-of-people-with-disabilities-at-the-iab-conference\/\" \/>\n<meta property=\"og:locale\" content=\"en_US\" \/>\n<meta property=\"og:type\" content=\"article\" \/>\n<meta property=\"og:title\" content=\"IBS on the employment of people with disabilities at the IAB conference - IBS - Instytut Bada\u0144 Strukturalnych\" \/>\n<meta property=\"og:description\" content=\"Report from the IAB conference, where Agata Rozszyczypa\u0142a presented a study on the employment of people with disabilities.\" \/>\n<meta property=\"og:url\" content=\"https:\/\/ibs.org.pl\/en\/news\/ibs-on-the-employment-of-people-with-disabilities-at-the-iab-conference\/\" \/>\n<meta property=\"og:site_name\" content=\"IBS - Instytut Bada\u0144 Strukturalnych\" \/>\n<meta property=\"article:modified_time\" content=\"2023-07-25T12:44:19+00:00\" \/>\n<meta property=\"og:image\" content=\"https:\/\/ibs.org.pl\/wp-content\/uploads\/2023\/07\/1690191608181-scaled.jpg\" \/>\n\t<meta property=\"og:image:width\" content=\"1920\" \/>\n\t<meta property=\"og:image:height\" content=\"2560\" \/>\n\t<meta property=\"og:image:type\" content=\"image\/jpeg\" \/>\n<meta name=\"twitter:card\" content=\"summary_large_image\" \/>\n<meta name=\"twitter:label1\" content=\"Est. reading time\" \/>\n\t<meta name=\"twitter:data1\" content=\"1 minute\" \/>\n<script type=\"application\/ld+json\" class=\"yoast-schema-graph\">{\"@context\":\"https:\\\/\\\/schema.org\",\"@graph\":[{\"@type\":\"WebPage\",\"@id\":\"https:\\\/\\\/ibs.org.pl\\\/en\\\/news\\\/ibs-on-the-employment-of-people-with-disabilities-at-the-iab-conference\\\/\",\"url\":\"https:\\\/\\\/ibs.org.pl\\\/en\\\/news\\\/ibs-on-the-employment-of-people-with-disabilities-at-the-iab-conference\\\/\",\"name\":\"IBS on the employment of people with disabilities at the IAB conference - IBS - Instytut Bada\u0144 Strukturalnych\",\"isPartOf\":{\"@id\":\"https:\\\/\\\/ibs.org.pl\\\/en\\\/#website\"},\"primaryImageOfPage\":{\"@id\":\"https:\\\/\\\/ibs.org.pl\\\/en\\\/news\\\/ibs-on-the-employment-of-people-with-disabilities-at-the-iab-conference\\\/#primaryimage\"},\"image\":{\"@id\":\"https:\\\/\\\/ibs.org.pl\\\/en\\\/news\\\/ibs-on-the-employment-of-people-with-disabilities-at-the-iab-conference\\\/#primaryimage\"},\"thumbnailUrl\":\"https:\\\/\\\/ibs.org.pl\\\/wp-content\\\/uploads\\\/2023\\\/07\\\/1690191608181-scaled.jpg\",\"datePublished\":\"2023-07-25T12:29:43+00:00\",\"dateModified\":\"2023-07-25T12:44:19+00:00\",\"description\":\"Report from the IAB conference, where Agata Rozszyczypa\u0142a presented a study on the employment of people with disabilities.\",\"breadcrumb\":{\"@id\":\"https:\\\/\\\/ibs.org.pl\\\/en\\\/news\\\/ibs-on-the-employment-of-people-with-disabilities-at-the-iab-conference\\\/#breadcrumb\"},\"inLanguage\":\"en-US\",\"potentialAction\":[{\"@type\":\"ReadAction\",\"target\":[\"https:\\\/\\\/ibs.org.pl\\\/en\\\/news\\\/ibs-on-the-employment-of-people-with-disabilities-at-the-iab-conference\\\/\"]}]},{\"@type\":\"ImageObject\",\"inLanguage\":\"en-US\",\"@id\":\"https:\\\/\\\/ibs.org.pl\\\/en\\\/news\\\/ibs-on-the-employment-of-people-with-disabilities-at-the-iab-conference\\\/#primaryimage\",\"url\":\"https:\\\/\\\/ibs.org.pl\\\/wp-content\\\/uploads\\\/2023\\\/07\\\/1690191608181-scaled.jpg\",\"contentUrl\":\"https:\\\/\\\/ibs.org.pl\\\/wp-content\\\/uploads\\\/2023\\\/07\\\/1690191608181-scaled.jpg\",\"width\":1920,\"height\":2560,\"caption\":\"The IAB Conference\"},{\"@type\":\"BreadcrumbList\",\"@id\":\"https:\\\/\\\/ibs.org.pl\\\/en\\\/news\\\/ibs-on-the-employment-of-people-with-disabilities-at-the-iab-conference\\\/#breadcrumb\",\"itemListElement\":[{\"@type\":\"ListItem\",\"position\":1,\"name\":\"Home\",\"item\":\"https:\\\/\\\/ibs.org.pl\\\/en\\\/\"},{\"@type\":\"ListItem\",\"position\":2,\"name\":\"IBS on the employment of people with disabilities at the IAB conference\"}]},{\"@type\":\"WebSite\",\"@id\":\"https:\\\/\\\/ibs.org.pl\\\/en\\\/#website\",\"url\":\"https:\\\/\\\/ibs.org.pl\\\/en\\\/\",\"name\":\"IBS - Instytut Bada\u0144 Strukturalnych\",\"description\":\"Jeste\u015bmy niezale\u017cn\u0105 fundacj\u0105 naukow\u0105. Prowadzimy badania w obszarze m.in.: rynku pracy, polityki rodzinnej, finans\u00f3w publicznych, energii i klimatu.\",\"potentialAction\":[{\"@type\":\"SearchAction\",\"target\":{\"@type\":\"EntryPoint\",\"urlTemplate\":\"https:\\\/\\\/ibs.org.pl\\\/en\\\/?s={search_term_string}\"},\"query-input\":{\"@type\":\"PropertyValueSpecification\",\"valueRequired\":true,\"valueName\":\"search_term_string\"}}],\"inLanguage\":\"en-US\"}]}<\/script>\n<!-- \/ Yoast SEO plugin. -->","yoast_head_json":{"title":"IBS on the employment of people with disabilities at the IAB conference - IBS - Instytut Bada\u0144 Strukturalnych","description":"Report from the IAB conference, where Agata Rozszyczypa\u0142a presented a study on the employment of people with disabilities.","robots":{"index":"index","follow":"follow","max-snippet":"max-snippet:-1","max-image-preview":"max-image-preview:large","max-video-preview":"max-video-preview:-1"},"canonical":"https:\/\/ibs.org.pl\/en\/news\/ibs-on-the-employment-of-people-with-disabilities-at-the-iab-conference\/","og_locale":"en_US","og_type":"article","og_title":"IBS on the employment of people with disabilities at the IAB conference - IBS - Instytut Bada\u0144 Strukturalnych","og_description":"Report from the IAB conference, where Agata Rozszyczypa\u0142a presented a study on the employment of people with disabilities.","og_url":"https:\/\/ibs.org.pl\/en\/news\/ibs-on-the-employment-of-people-with-disabilities-at-the-iab-conference\/","og_site_name":"IBS - Instytut Bada\u0144 Strukturalnych","article_modified_time":"2023-07-25T12:44:19+00:00","og_image":[{"width":1920,"height":2560,"url":"https:\/\/ibs.org.pl\/wp-content\/uploads\/2023\/07\/1690191608181-scaled.jpg","type":"image\/jpeg"}],"twitter_card":"summary_large_image","twitter_misc":{"Est. reading time":"1 minute"},"schema":{"@context":"https:\/\/schema.org","@graph":[{"@type":"WebPage","@id":"https:\/\/ibs.org.pl\/en\/news\/ibs-on-the-employment-of-people-with-disabilities-at-the-iab-conference\/","url":"https:\/\/ibs.org.pl\/en\/news\/ibs-on-the-employment-of-people-with-disabilities-at-the-iab-conference\/","name":"IBS on the employment of people with disabilities at the IAB conference - IBS - Instytut Bada\u0144 Strukturalnych","isPartOf":{"@id":"https:\/\/ibs.org.pl\/en\/#website"},"primaryImageOfPage":{"@id":"https:\/\/ibs.org.pl\/en\/news\/ibs-on-the-employment-of-people-with-disabilities-at-the-iab-conference\/#primaryimage"},"image":{"@id":"https:\/\/ibs.org.pl\/en\/news\/ibs-on-the-employment-of-people-with-disabilities-at-the-iab-conference\/#primaryimage"},"thumbnailUrl":"https:\/\/ibs.org.pl\/wp-content\/uploads\/2023\/07\/1690191608181-scaled.jpg","datePublished":"2023-07-25T12:29:43+00:00","dateModified":"2023-07-25T12:44:19+00:00","description":"Report from the IAB conference, where Agata Rozszyczypa\u0142a presented a study on the employment of people with disabilities.","breadcrumb":{"@id":"https:\/\/ibs.org.pl\/en\/news\/ibs-on-the-employment-of-people-with-disabilities-at-the-iab-conference\/#breadcrumb"},"inLanguage":"en-US","potentialAction":[{"@type":"ReadAction","target":["https:\/\/ibs.org.pl\/en\/news\/ibs-on-the-employment-of-people-with-disabilities-at-the-iab-conference\/"]}]},{"@type":"ImageObject","inLanguage":"en-US","@id":"https:\/\/ibs.org.pl\/en\/news\/ibs-on-the-employment-of-people-with-disabilities-at-the-iab-conference\/#primaryimage","url":"https:\/\/ibs.org.pl\/wp-content\/uploads\/2023\/07\/1690191608181-scaled.jpg","contentUrl":"https:\/\/ibs.org.pl\/wp-content\/uploads\/2023\/07\/1690191608181-scaled.jpg","width":1920,"height":2560,"caption":"The IAB Conference"},{"@type":"BreadcrumbList","@id":"https:\/\/ibs.org.pl\/en\/news\/ibs-on-the-employment-of-people-with-disabilities-at-the-iab-conference\/#breadcrumb","itemListElement":[{"@type":"ListItem","position":1,"name":"Home","item":"https:\/\/ibs.org.pl\/en\/"},{"@type":"ListItem","position":2,"name":"IBS on the employment of people with disabilities at the IAB conference"}]},{"@type":"WebSite","@id":"https:\/\/ibs.org.pl\/en\/#website","url":"https:\/\/ibs.org.pl\/en\/","name":"IBS - Instytut Bada\u0144 Strukturalnych","description":"Jeste\u015bmy niezale\u017cn\u0105 fundacj\u0105 naukow\u0105. Prowadzimy badania w obszarze m.in.: rynku pracy, polityki rodzinnej, finans\u00f3w publicznych, energii i klimatu.","potentialAction":[{"@type":"SearchAction","target":{"@type":"EntryPoint","urlTemplate":"https:\/\/ibs.org.pl\/en\/?s={search_term_string}"},"query-input":{"@type":"PropertyValueSpecification","valueRequired":true,"valueName":"search_term_string"}}],"inLanguage":"en-US"}]}},"_links":{"self":[{"href":"https:\/\/ibs.org.pl\/en\/wp-json\/wp\/v2\/news\/35629","targetHints":{"allow":["GET"]}}],"collection":[{"href":"https:\/\/ibs.org.pl\/en\/wp-json\/wp\/v2\/news"}],"about":[{"href":"https:\/\/ibs.org.pl\/en\/wp-json\/wp\/v2\/types\/news"}],"wp:featuredmedia":[{"embeddable":true,"href":"https:\/\/ibs.org.pl\/en\/wp-json\/wp\/v2\/media\/35623"}],"wp:attachment":[{"href":"https:\/\/ibs.org.pl\/en\/wp-json\/wp\/v2\/media?parent=35629"}],"wp:term":[{"taxonomy":"news_type","embeddable":true,"href":"https:\/\/ibs.org.pl\/en\/wp-json\/wp\/v2\/news_type?post=35629"}],"curies":[{"name":"wp","href":"https:\/\/api.w.org\/{rel}","templated":true}]}}