{"id":23612,"date":"2016-09-15T14:14:00","date_gmt":"2016-09-15T12:14:00","guid":{"rendered":"https:\/\/ibs.org.pl\/news\/konferencja-eale-2\/"},"modified":"2022-12-30T13:58:03","modified_gmt":"2022-12-30T12:58:03","slug":"28th-eale-conference","status":"publish","type":"news","link":"https:\/\/ibs.org.pl\/en\/news\/28th-eale-conference\/","title":{"rendered":"28th EALE Conference"},"content":{"rendered":"\n<p>The keynote speakers of the conference are:&nbsp;<a href=\"http:\/\/economics.ubc.ca\/faculty-and-staff\/nicole-fortin\/\" target=\"_blank\" rel=\"noreferrer noopener\">Nicole Fortin<\/a>&nbsp;(University of British Columbia),&nbsp;&nbsp;<a href=\"http:\/\/oreopoulos.faculty.economics.utoronto.ca\/\" target=\"_blank\" rel=\"noreferrer noopener\">Philip Oreopoulos&nbsp;<\/a>(University of Toronto) and&nbsp;<a href=\"https:\/\/www.cens.uni-bonn.de\/team\/board\/armin-falk\" target=\"_blank\" rel=\"noreferrer noopener\">Armin Falk<\/a>&nbsp;(University of Bonn). Institute for Structural Research will be represented by Marek Antosiewicz, Ewa Cukrowska-Torzewska, Roma Keister, Piotr Lewandowski, Maciej Lis, Iga Magda. Below are the titles of the presentations and web links to the conference sessions within which they will be presented.<\/p>\n\n\n\n<ul class=\"wp-block-list\"><li><strong>Piotr Lewandowski<\/strong>,&nbsp;Minimum Wage Violation in Central Eastern Europe (<a href=\"https:\/\/ibs.org.pl\/app\/uploads\/2016\/04\/IBS_Working_Paper_03_2016.pdf\" target=\"_blank\" rel=\"noreferrer noopener\">\u2028IBS Working Paper 03\/2016<\/a>), coauthor &#8211; Karolina Goraus<a href=\"https:\/\/ibs.org.pl\/app\/uploads\/2016\/04\/IBS_Working_Paper_03_2016.pdf\"><br><\/a>\u2028Session:&nbsp;<a href=\"https:\/\/www.eventure-online.com\/eventure\/public\/publicSession.form?id=307916&amp;test=307916\" target=\"_blank\" rel=\"noreferrer noopener\">A10 Minimum Wage<\/a>, 16.19.16, 9:00-11:00, Auditorium B (ground floor)<\/li><li><strong>Roma Keister<\/strong>, Technology or Upskilling? Trends in the Task Composition of Jobs in Central and Eastern Europe (<a href=\"https:\/\/ibs.org.pl\/en\/publications\/technology-or-upskilling-trends-in-the-task-composition-of-jobs-in-central-and-eastern-europe\/\" target=\"_blank\" rel=\"noreferrer noopener\">IBS Working Paper 01\/2016<\/a>), coauthors: Wojciech Hardy, Piotr Lewandowski<br>Poster Session V:&nbsp;<a href=\"https:\/\/www.eventure-online.com\/eventure\/public\/publicSession.form?id=308165&amp;test=308165\" target=\"_blank\" rel=\"noreferrer noopener\">Education, Training &amp; Human Capital<\/a>,17.09.2016, Aula Peristilium<\/li><li><strong>Ewa Cukrowska-Torzewska<\/strong>,&nbsp;<a href=\"https:\/\/ibs.org.pl\/app\/uploads\/2016\/06\/Cukrowska-Torzewska-Magda-Do-female-managers-help-to-lower-eithin-firm-gender-pay-gap.pdf\" target=\"_blank\" rel=\"noreferrer noopener\">Do female managers help to lower the gender pay gaps? Public institutions vs private firms<\/a>, coauthor &#8211; Iga Magda<br>Session: E01&nbsp;<a href=\"https:\/\/www.eventure-online.com\/eventure\/public\/publicSession.form?id=308051&amp;test=308051\" target=\"_blank\" rel=\"noreferrer noopener\">Discrimination and Institutions<\/a>,17.09.2016, 14:15-16:00, Blauwe Zaal (ground floor)<\/li><li><strong>Marek Antosiewicz<\/strong>, Business cycles, working capital, and on-the-job search (<a href=\"https:\/\/ibs.org.pl\/en\/publications\/business-cycles-and-on-the-job-search\/\" target=\"_blank\" rel=\"noreferrer noopener\">IBS Working Paper 07\/2016<\/a>), coauthor &#8211; Jacek Suda,<br>Poster Session I:&nbsp;<a href=\"https:\/\/www.eventure-online.com\/eventure\/public\/publicSession.form?id=308114&amp;test=308114\" target=\"_blank\" rel=\"noreferrer noopener\">Wage Inequality and Mobility<\/a>, 15.09.2016, 17:30-18:15, Aula Peristillium<\/li><li><strong>Maciej Lis<\/strong>,&nbsp;<a href=\"https:\/\/www.eventure-online.com\/eventure\/public\/publicAbstractView.form?id=281778&amp;congressId=10113&amp;from=session&amp;fromId=308123\">Productivity, Employment and Ageing<\/a><br>Poster Session II:&nbsp;<a href=\"https:\/\/www.eventure-online.com\/eventure\/public\/publicSession.form?id=308123&amp;test=308123\" target=\"_blank\" rel=\"noreferrer noopener\">Labour Markets in Transition<\/a>,16.09.2016 , 11:00-11:45, Aula Peristilium<\/li><li><strong>Iga Magda<\/strong>,<strong>&nbsp;<\/strong>Inequality of Opportunity In Central and Eastern Europe: Accounting for Changes Over Time, (<a href=\"https:\/\/ibs.org.pl\/en\/publications\/inequality-of-opportunity-in-central-and-eastern-europe-accounting-for-changes-over-time\/\" target=\"_blank\" rel=\"noreferrer noopener\">IBS Working Paper 05\/2016<\/a>), coauthor &#8211; Micha\u0142 Brzezi\u0144ski<br>Session:&nbsp;<a href=\"https:\/\/www.eventure-online.com\/eventure\/public\/publicSession.form?id=307979&amp;test=307979\" target=\"_blank\" rel=\"noreferrer noopener\">C04 Inequality and Income Distribution<\/a>, 16.09.2016, 16:45-18:30, Pleitlokaal (ground floor)<\/li><\/ul>\n\n\n\n<h2 class=\"wp-block-heading\">CONFERENCE WEBSITE<\/h2>\n\n\n\n<p>Website:&nbsp;<a href=\"http:\/\/www.eale.nl\/\" target=\"_blank\" rel=\"noreferrer noopener\">http:\/\/www.eale.nl\/<\/a><\/p>\n\n\n\n<p><a href=\"https:\/\/www.eventure-online.com\/eventure\/public\/showPublic.form?congressId=10113\" target=\"_blank\" rel=\"noreferrer noopener\">Scientific Programme<\/a><\/p>\n\n\n\n<p><a href=\"https:\/\/ibs.org.pl\/en\/events\/28th-eale-conference\/\" target=\"_blank\" rel=\"noreferrer noopener\">More<\/a><\/p>\n","protected":false},"featured_media":19607,"template":"","news_type":[],"class_list":["post-23612","news","type-news","status-publish","has-post-thumbnail","hentry"],"acf":[],"yoast_head":"<!-- This site is optimized with the Yoast SEO plugin v27.5 - https:\/\/yoast.com\/product\/yoast-seo-wordpress\/ -->\n<title>28th EALE Conference - IBS - Instytut Bada\u0144 Strukturalnych<\/title>\n<meta name=\"robots\" content=\"index, follow, max-snippet:-1, max-image-preview:large, max-video-preview:-1\" \/>\n<link rel=\"canonical\" href=\"https:\/\/ibs.org.pl\/en\/news\/28th-eale-conference\/\" \/>\n<meta property=\"og:locale\" content=\"en_US\" \/>\n<meta property=\"og:type\" content=\"article\" \/>\n<meta property=\"og:title\" content=\"28th EALE Conference - IBS - Instytut Bada\u0144 Strukturalnych\" \/>\n<meta property=\"og:description\" content=\"The keynote speakers of the conference are:&nbsp;Nicole Fortin&nbsp;(University of British Columbia),&nbsp;&nbsp;Philip Oreopoulos&nbsp;(University of Toronto) and&nbsp;Armin Falk&nbsp;(University of Bonn). Institute for Structural Research [&hellip;]\" \/>\n<meta property=\"og:url\" content=\"https:\/\/ibs.org.pl\/en\/news\/28th-eale-conference\/\" \/>\n<meta property=\"og:site_name\" content=\"IBS - Instytut Bada\u0144 Strukturalnych\" \/>\n<meta property=\"article:modified_time\" content=\"2022-12-30T12:58:03+00:00\" \/>\n<meta property=\"og:image\" content=\"https:\/\/ibs.org.pl\/wp-content\/uploads\/2022\/12\/EALE2016-276x169-1.png\" \/>\n\t<meta property=\"og:image:width\" content=\"276\" \/>\n\t<meta property=\"og:image:height\" content=\"169\" \/>\n\t<meta property=\"og:image:type\" content=\"image\/png\" \/>\n<meta name=\"twitter:card\" content=\"summary_large_image\" \/>\n<meta name=\"twitter:label1\" content=\"Est. reading time\" \/>\n\t<meta name=\"twitter:data1\" content=\"2 minutes\" \/>\n<script type=\"application\/ld+json\" class=\"yoast-schema-graph\">{\"@context\":\"https:\\\/\\\/schema.org\",\"@graph\":[{\"@type\":\"WebPage\",\"@id\":\"https:\\\/\\\/ibs.org.pl\\\/en\\\/news\\\/28th-eale-conference\\\/\",\"url\":\"https:\\\/\\\/ibs.org.pl\\\/en\\\/news\\\/28th-eale-conference\\\/\",\"name\":\"28th EALE Conference - IBS - Instytut Bada\u0144 Strukturalnych\",\"isPartOf\":{\"@id\":\"https:\\\/\\\/ibs.org.pl\\\/en\\\/#website\"},\"primaryImageOfPage\":{\"@id\":\"https:\\\/\\\/ibs.org.pl\\\/en\\\/news\\\/28th-eale-conference\\\/#primaryimage\"},\"image\":{\"@id\":\"https:\\\/\\\/ibs.org.pl\\\/en\\\/news\\\/28th-eale-conference\\\/#primaryimage\"},\"thumbnailUrl\":\"https:\\\/\\\/ibs.org.pl\\\/wp-content\\\/uploads\\\/2022\\\/12\\\/EALE2016-276x169-1.png\",\"datePublished\":\"2016-09-15T12:14:00+00:00\",\"dateModified\":\"2022-12-30T12:58:03+00:00\",\"breadcrumb\":{\"@id\":\"https:\\\/\\\/ibs.org.pl\\\/en\\\/news\\\/28th-eale-conference\\\/#breadcrumb\"},\"inLanguage\":\"en-US\",\"potentialAction\":[{\"@type\":\"ReadAction\",\"target\":[\"https:\\\/\\\/ibs.org.pl\\\/en\\\/news\\\/28th-eale-conference\\\/\"]}]},{\"@type\":\"ImageObject\",\"inLanguage\":\"en-US\",\"@id\":\"https:\\\/\\\/ibs.org.pl\\\/en\\\/news\\\/28th-eale-conference\\\/#primaryimage\",\"url\":\"https:\\\/\\\/ibs.org.pl\\\/wp-content\\\/uploads\\\/2022\\\/12\\\/EALE2016-276x169-1.png\",\"contentUrl\":\"https:\\\/\\\/ibs.org.pl\\\/wp-content\\\/uploads\\\/2022\\\/12\\\/EALE2016-276x169-1.png\",\"width\":276,\"height\":169},{\"@type\":\"BreadcrumbList\",\"@id\":\"https:\\\/\\\/ibs.org.pl\\\/en\\\/news\\\/28th-eale-conference\\\/#breadcrumb\",\"itemListElement\":[{\"@type\":\"ListItem\",\"position\":1,\"name\":\"Home\",\"item\":\"https:\\\/\\\/ibs.org.pl\\\/en\\\/\"},{\"@type\":\"ListItem\",\"position\":2,\"name\":\"28th EALE Conference\"}]},{\"@type\":\"WebSite\",\"@id\":\"https:\\\/\\\/ibs.org.pl\\\/en\\\/#website\",\"url\":\"https:\\\/\\\/ibs.org.pl\\\/en\\\/\",\"name\":\"IBS - Instytut Bada\u0144 Strukturalnych\",\"description\":\"Jeste\u015bmy niezale\u017cn\u0105 fundacj\u0105 naukow\u0105. Prowadzimy badania w obszarze m.in.: rynku pracy, polityki rodzinnej, finans\u00f3w publicznych, energii i klimatu.\",\"potentialAction\":[{\"@type\":\"SearchAction\",\"target\":{\"@type\":\"EntryPoint\",\"urlTemplate\":\"https:\\\/\\\/ibs.org.pl\\\/en\\\/?s={search_term_string}\"},\"query-input\":{\"@type\":\"PropertyValueSpecification\",\"valueRequired\":true,\"valueName\":\"search_term_string\"}}],\"inLanguage\":\"en-US\"}]}<\/script>\n<!-- \/ Yoast SEO plugin. -->","yoast_head_json":{"title":"28th EALE Conference - IBS - Instytut Bada\u0144 Strukturalnych","robots":{"index":"index","follow":"follow","max-snippet":"max-snippet:-1","max-image-preview":"max-image-preview:large","max-video-preview":"max-video-preview:-1"},"canonical":"https:\/\/ibs.org.pl\/en\/news\/28th-eale-conference\/","og_locale":"en_US","og_type":"article","og_title":"28th EALE Conference - IBS - Instytut Bada\u0144 Strukturalnych","og_description":"The keynote speakers of the conference are:&nbsp;Nicole Fortin&nbsp;(University of British Columbia),&nbsp;&nbsp;Philip Oreopoulos&nbsp;(University of Toronto) and&nbsp;Armin Falk&nbsp;(University of Bonn). Institute for Structural Research [&hellip;]","og_url":"https:\/\/ibs.org.pl\/en\/news\/28th-eale-conference\/","og_site_name":"IBS - Instytut Bada\u0144 Strukturalnych","article_modified_time":"2022-12-30T12:58:03+00:00","og_image":[{"width":276,"height":169,"url":"https:\/\/ibs.org.pl\/wp-content\/uploads\/2022\/12\/EALE2016-276x169-1.png","type":"image\/png"}],"twitter_card":"summary_large_image","twitter_misc":{"Est. reading time":"2 minutes"},"schema":{"@context":"https:\/\/schema.org","@graph":[{"@type":"WebPage","@id":"https:\/\/ibs.org.pl\/en\/news\/28th-eale-conference\/","url":"https:\/\/ibs.org.pl\/en\/news\/28th-eale-conference\/","name":"28th EALE Conference - IBS - Instytut Bada\u0144 Strukturalnych","isPartOf":{"@id":"https:\/\/ibs.org.pl\/en\/#website"},"primaryImageOfPage":{"@id":"https:\/\/ibs.org.pl\/en\/news\/28th-eale-conference\/#primaryimage"},"image":{"@id":"https:\/\/ibs.org.pl\/en\/news\/28th-eale-conference\/#primaryimage"},"thumbnailUrl":"https:\/\/ibs.org.pl\/wp-content\/uploads\/2022\/12\/EALE2016-276x169-1.png","datePublished":"2016-09-15T12:14:00+00:00","dateModified":"2022-12-30T12:58:03+00:00","breadcrumb":{"@id":"https:\/\/ibs.org.pl\/en\/news\/28th-eale-conference\/#breadcrumb"},"inLanguage":"en-US","potentialAction":[{"@type":"ReadAction","target":["https:\/\/ibs.org.pl\/en\/news\/28th-eale-conference\/"]}]},{"@type":"ImageObject","inLanguage":"en-US","@id":"https:\/\/ibs.org.pl\/en\/news\/28th-eale-conference\/#primaryimage","url":"https:\/\/ibs.org.pl\/wp-content\/uploads\/2022\/12\/EALE2016-276x169-1.png","contentUrl":"https:\/\/ibs.org.pl\/wp-content\/uploads\/2022\/12\/EALE2016-276x169-1.png","width":276,"height":169},{"@type":"BreadcrumbList","@id":"https:\/\/ibs.org.pl\/en\/news\/28th-eale-conference\/#breadcrumb","itemListElement":[{"@type":"ListItem","position":1,"name":"Home","item":"https:\/\/ibs.org.pl\/en\/"},{"@type":"ListItem","position":2,"name":"28th EALE Conference"}]},{"@type":"WebSite","@id":"https:\/\/ibs.org.pl\/en\/#website","url":"https:\/\/ibs.org.pl\/en\/","name":"IBS - Instytut Bada\u0144 Strukturalnych","description":"Jeste\u015bmy niezale\u017cn\u0105 fundacj\u0105 naukow\u0105. Prowadzimy badania w obszarze m.in.: rynku pracy, polityki rodzinnej, finans\u00f3w publicznych, energii i klimatu.","potentialAction":[{"@type":"SearchAction","target":{"@type":"EntryPoint","urlTemplate":"https:\/\/ibs.org.pl\/en\/?s={search_term_string}"},"query-input":{"@type":"PropertyValueSpecification","valueRequired":true,"valueName":"search_term_string"}}],"inLanguage":"en-US"}]}},"_links":{"self":[{"href":"https:\/\/ibs.org.pl\/en\/wp-json\/wp\/v2\/news\/23612","targetHints":{"allow":["GET"]}}],"collection":[{"href":"https:\/\/ibs.org.pl\/en\/wp-json\/wp\/v2\/news"}],"about":[{"href":"https:\/\/ibs.org.pl\/en\/wp-json\/wp\/v2\/types\/news"}],"wp:featuredmedia":[{"embeddable":true,"href":"https:\/\/ibs.org.pl\/en\/wp-json\/wp\/v2\/media\/19607"}],"wp:attachment":[{"href":"https:\/\/ibs.org.pl\/en\/wp-json\/wp\/v2\/media?parent=23612"}],"wp:term":[{"taxonomy":"news_type","embeddable":true,"href":"https:\/\/ibs.org.pl\/en\/wp-json\/wp\/v2\/news_type?post=23612"}],"curies":[{"name":"wp","href":"https:\/\/api.w.org\/{rel}","templated":true}]}}