{"id":23330,"date":"2017-06-14T12:53:00","date_gmt":"2017-06-14T10:53:00","guid":{"rendered":"https:\/\/ibs.org.pl\/?post_type=news&#038;p=23330"},"modified":"2023-01-24T12:48:46","modified_gmt":"2023-01-24T11:48:46","slug":"2017-aere-annual-summer-conference","status":"publish","type":"news","link":"https:\/\/ibs.org.pl\/en\/news\/2017-aere-annual-summer-conference\/","title":{"rendered":"2017 AERE Annual Summer Conference"},"content":{"rendered":"\n<p>This year the&nbsp;<a href=\"http:\/\/www.aere.org\/aere-summer-conference\">Annual Summer Conference of the Association of Environmental and Resource Economists (AERE)<\/a>&nbsp;was hosted in Pittsburgh (Pennsylvania) on May 31 \u2013 June 2. The conference is one of the most important scientific meeting for economists in the field of environmental and resource economics in America. The presentations included studies on the effects of climate policies on inequality, advancement of clean technologies as well as the valuation of ecological good. Two employees of Institute for Structural Research (IBS) participated in the conference.<\/p>\n\n\n\n<p><strong>Aleksander Szpor<\/strong>&nbsp;(Institute for Structural Research \u2013 IBS) presented a paper on the costs of low carbon transition. The model shows, among other things, that the unemployment growth due to the abrupt transition is significantly larger in regions with large mining sector than in the regions which import this fuel from abroad.<\/p>\n\n\n\n<p><strong>Jan Witajewski-Baltvilks<\/strong>&nbsp;(Institute for Structural Research \u2013 IBS) presented his article, co-authored with&nbsp;<a href=\"http:\/\/www.rff.org\/people\/profile\/carolyn-fischer\">Carolyn Fischer<\/a>&nbsp;from Resources for the Future. The article indicates that the unilateral R&amp;D policy promoting green technologies in one region may induce a switch of researchers from dirty to clean technologies also in other regions.<\/p>\n","protected":false},"featured_media":23333,"template":"","news_type":[308],"class_list":["post-23330","news","type-news","status-publish","has-post-thumbnail","hentry","news_type-conference"],"acf":[],"yoast_head":"<!-- This site is optimized with the Yoast SEO plugin v27.3 - https:\/\/yoast.com\/product\/yoast-seo-wordpress\/ -->\n<title>2017 AERE Annual Summer Conference - IBS - Instytut Bada\u0144 Strukturalnych<\/title>\n<meta name=\"robots\" content=\"index, follow, max-snippet:-1, max-image-preview:large, max-video-preview:-1\" \/>\n<link rel=\"canonical\" href=\"https:\/\/ibs.org.pl\/en\/news\/2017-aere-annual-summer-conference\/\" \/>\n<meta property=\"og:locale\" content=\"en_US\" \/>\n<meta property=\"og:type\" content=\"article\" \/>\n<meta property=\"og:title\" content=\"2017 AERE Annual Summer Conference - IBS - Instytut Bada\u0144 Strukturalnych\" \/>\n<meta property=\"og:description\" content=\"This year the&nbsp;Annual Summer Conference of the Association of Environmental and Resource Economists (AERE)&nbsp;was hosted in Pittsburgh (Pennsylvania) on May 31 \u2013 [&hellip;]\" \/>\n<meta property=\"og:url\" content=\"https:\/\/ibs.org.pl\/en\/news\/2017-aere-annual-summer-conference\/\" \/>\n<meta property=\"og:site_name\" content=\"IBS - Instytut Bada\u0144 Strukturalnych\" \/>\n<meta property=\"article:modified_time\" content=\"2023-01-24T11:48:46+00:00\" \/>\n<meta property=\"og:image\" content=\"https:\/\/ibs.org.pl\/wp-content\/uploads\/2022\/12\/pittsburgh-996347_1280-276x187-1.png\" \/>\n\t<meta property=\"og:image:width\" content=\"276\" \/>\n\t<meta property=\"og:image:height\" content=\"187\" \/>\n\t<meta property=\"og:image:type\" content=\"image\/png\" \/>\n<meta name=\"twitter:card\" content=\"summary_large_image\" \/>\n<meta name=\"twitter:label1\" content=\"Est. reading time\" \/>\n\t<meta name=\"twitter:data1\" content=\"2 minutes\" \/>\n<script type=\"application\/ld+json\" class=\"yoast-schema-graph\">{\"@context\":\"https:\\\/\\\/schema.org\",\"@graph\":[{\"@type\":\"WebPage\",\"@id\":\"https:\\\/\\\/ibs.org.pl\\\/en\\\/news\\\/2017-aere-annual-summer-conference\\\/\",\"url\":\"https:\\\/\\\/ibs.org.pl\\\/en\\\/news\\\/2017-aere-annual-summer-conference\\\/\",\"name\":\"2017 AERE Annual Summer Conference - IBS - Instytut Bada\u0144 Strukturalnych\",\"isPartOf\":{\"@id\":\"https:\\\/\\\/ibs.org.pl\\\/en\\\/#website\"},\"primaryImageOfPage\":{\"@id\":\"https:\\\/\\\/ibs.org.pl\\\/en\\\/news\\\/2017-aere-annual-summer-conference\\\/#primaryimage\"},\"image\":{\"@id\":\"https:\\\/\\\/ibs.org.pl\\\/en\\\/news\\\/2017-aere-annual-summer-conference\\\/#primaryimage\"},\"thumbnailUrl\":\"https:\\\/\\\/ibs.org.pl\\\/wp-content\\\/uploads\\\/2022\\\/12\\\/pittsburgh-996347_1280-276x187-1.png\",\"datePublished\":\"2017-06-14T10:53:00+00:00\",\"dateModified\":\"2023-01-24T11:48:46+00:00\",\"breadcrumb\":{\"@id\":\"https:\\\/\\\/ibs.org.pl\\\/en\\\/news\\\/2017-aere-annual-summer-conference\\\/#breadcrumb\"},\"inLanguage\":\"en-US\",\"potentialAction\":[{\"@type\":\"ReadAction\",\"target\":[\"https:\\\/\\\/ibs.org.pl\\\/en\\\/news\\\/2017-aere-annual-summer-conference\\\/\"]}]},{\"@type\":\"ImageObject\",\"inLanguage\":\"en-US\",\"@id\":\"https:\\\/\\\/ibs.org.pl\\\/en\\\/news\\\/2017-aere-annual-summer-conference\\\/#primaryimage\",\"url\":\"https:\\\/\\\/ibs.org.pl\\\/wp-content\\\/uploads\\\/2022\\\/12\\\/pittsburgh-996347_1280-276x187-1.png\",\"contentUrl\":\"https:\\\/\\\/ibs.org.pl\\\/wp-content\\\/uploads\\\/2022\\\/12\\\/pittsburgh-996347_1280-276x187-1.png\",\"width\":276,\"height\":187},{\"@type\":\"BreadcrumbList\",\"@id\":\"https:\\\/\\\/ibs.org.pl\\\/en\\\/news\\\/2017-aere-annual-summer-conference\\\/#breadcrumb\",\"itemListElement\":[{\"@type\":\"ListItem\",\"position\":1,\"name\":\"Home\",\"item\":\"https:\\\/\\\/ibs.org.pl\\\/en\\\/\"},{\"@type\":\"ListItem\",\"position\":2,\"name\":\"2017 AERE Annual Summer Conference\"}]},{\"@type\":\"WebSite\",\"@id\":\"https:\\\/\\\/ibs.org.pl\\\/en\\\/#website\",\"url\":\"https:\\\/\\\/ibs.org.pl\\\/en\\\/\",\"name\":\"IBS - Instytut Bada\u0144 Strukturalnych\",\"description\":\"Jeste\u015bmy niezale\u017cn\u0105 fundacj\u0105 naukow\u0105. Prowadzimy badania w obszarze m.in.: rynku pracy, polityki rodzinnej, finans\u00f3w publicznych, energii i klimatu.\",\"potentialAction\":[{\"@type\":\"SearchAction\",\"target\":{\"@type\":\"EntryPoint\",\"urlTemplate\":\"https:\\\/\\\/ibs.org.pl\\\/en\\\/?s={search_term_string}\"},\"query-input\":{\"@type\":\"PropertyValueSpecification\",\"valueRequired\":true,\"valueName\":\"search_term_string\"}}],\"inLanguage\":\"en-US\"}]}<\/script>\n<!-- \/ Yoast SEO plugin. -->","yoast_head_json":{"title":"2017 AERE Annual Summer Conference - IBS - Instytut Bada\u0144 Strukturalnych","robots":{"index":"index","follow":"follow","max-snippet":"max-snippet:-1","max-image-preview":"max-image-preview:large","max-video-preview":"max-video-preview:-1"},"canonical":"https:\/\/ibs.org.pl\/en\/news\/2017-aere-annual-summer-conference\/","og_locale":"en_US","og_type":"article","og_title":"2017 AERE Annual Summer Conference - IBS - Instytut Bada\u0144 Strukturalnych","og_description":"This year the&nbsp;Annual Summer Conference of the Association of Environmental and Resource Economists (AERE)&nbsp;was hosted in Pittsburgh (Pennsylvania) on May 31 \u2013 [&hellip;]","og_url":"https:\/\/ibs.org.pl\/en\/news\/2017-aere-annual-summer-conference\/","og_site_name":"IBS - Instytut Bada\u0144 Strukturalnych","article_modified_time":"2023-01-24T11:48:46+00:00","og_image":[{"width":276,"height":187,"url":"https:\/\/ibs.org.pl\/wp-content\/uploads\/2022\/12\/pittsburgh-996347_1280-276x187-1.png","type":"image\/png"}],"twitter_card":"summary_large_image","twitter_misc":{"Est. reading time":"2 minutes"},"schema":{"@context":"https:\/\/schema.org","@graph":[{"@type":"WebPage","@id":"https:\/\/ibs.org.pl\/en\/news\/2017-aere-annual-summer-conference\/","url":"https:\/\/ibs.org.pl\/en\/news\/2017-aere-annual-summer-conference\/","name":"2017 AERE Annual Summer Conference - IBS - Instytut Bada\u0144 Strukturalnych","isPartOf":{"@id":"https:\/\/ibs.org.pl\/en\/#website"},"primaryImageOfPage":{"@id":"https:\/\/ibs.org.pl\/en\/news\/2017-aere-annual-summer-conference\/#primaryimage"},"image":{"@id":"https:\/\/ibs.org.pl\/en\/news\/2017-aere-annual-summer-conference\/#primaryimage"},"thumbnailUrl":"https:\/\/ibs.org.pl\/wp-content\/uploads\/2022\/12\/pittsburgh-996347_1280-276x187-1.png","datePublished":"2017-06-14T10:53:00+00:00","dateModified":"2023-01-24T11:48:46+00:00","breadcrumb":{"@id":"https:\/\/ibs.org.pl\/en\/news\/2017-aere-annual-summer-conference\/#breadcrumb"},"inLanguage":"en-US","potentialAction":[{"@type":"ReadAction","target":["https:\/\/ibs.org.pl\/en\/news\/2017-aere-annual-summer-conference\/"]}]},{"@type":"ImageObject","inLanguage":"en-US","@id":"https:\/\/ibs.org.pl\/en\/news\/2017-aere-annual-summer-conference\/#primaryimage","url":"https:\/\/ibs.org.pl\/wp-content\/uploads\/2022\/12\/pittsburgh-996347_1280-276x187-1.png","contentUrl":"https:\/\/ibs.org.pl\/wp-content\/uploads\/2022\/12\/pittsburgh-996347_1280-276x187-1.png","width":276,"height":187},{"@type":"BreadcrumbList","@id":"https:\/\/ibs.org.pl\/en\/news\/2017-aere-annual-summer-conference\/#breadcrumb","itemListElement":[{"@type":"ListItem","position":1,"name":"Home","item":"https:\/\/ibs.org.pl\/en\/"},{"@type":"ListItem","position":2,"name":"2017 AERE Annual Summer Conference"}]},{"@type":"WebSite","@id":"https:\/\/ibs.org.pl\/en\/#website","url":"https:\/\/ibs.org.pl\/en\/","name":"IBS - Instytut Bada\u0144 Strukturalnych","description":"Jeste\u015bmy niezale\u017cn\u0105 fundacj\u0105 naukow\u0105. Prowadzimy badania w obszarze m.in.: rynku pracy, polityki rodzinnej, finans\u00f3w publicznych, energii i klimatu.","potentialAction":[{"@type":"SearchAction","target":{"@type":"EntryPoint","urlTemplate":"https:\/\/ibs.org.pl\/en\/?s={search_term_string}"},"query-input":{"@type":"PropertyValueSpecification","valueRequired":true,"valueName":"search_term_string"}}],"inLanguage":"en-US"}]}},"_links":{"self":[{"href":"https:\/\/ibs.org.pl\/en\/wp-json\/wp\/v2\/news\/23330","targetHints":{"allow":["GET"]}}],"collection":[{"href":"https:\/\/ibs.org.pl\/en\/wp-json\/wp\/v2\/news"}],"about":[{"href":"https:\/\/ibs.org.pl\/en\/wp-json\/wp\/v2\/types\/news"}],"wp:featuredmedia":[{"embeddable":true,"href":"https:\/\/ibs.org.pl\/en\/wp-json\/wp\/v2\/media\/23333"}],"wp:attachment":[{"href":"https:\/\/ibs.org.pl\/en\/wp-json\/wp\/v2\/media?parent=23330"}],"wp:term":[{"taxonomy":"news_type","embeddable":true,"href":"https:\/\/ibs.org.pl\/en\/wp-json\/wp\/v2\/news_type?post=23330"}],"curies":[{"name":"wp","href":"https:\/\/api.w.org\/{rel}","templated":true}]}}