{"id":21557,"date":"2022-11-30T23:35:00","date_gmt":"2022-11-30T22:35:00","guid":{"rendered":"https:\/\/ibs.org.pl\/?post_type=news&#038;p=21557"},"modified":"2023-01-24T11:35:10","modified_gmt":"2023-01-24T10:35:10","slug":"project-welar-launched-on-8th-of-november-2022-at-the-conference-in-brussels","status":"publish","type":"news","link":"https:\/\/ibs.org.pl\/en\/news\/project-welar-launched-on-8th-of-november-2022-at-the-conference-in-brussels\/","title":{"rendered":"Project WeLaR launched on\u00a08th\u00a0of\u00a0November\u00a02022 at\u00a0the\u00a0Conference\u00a0in Brussels"},"content":{"rendered":"\n<p>Representatives of the ten institutions in the WeLaR research consortium met in&nbsp;Brussels on&nbsp;8 November to&nbsp;kick off their three-year mission to explore how digitalisation, globalisation, demographic shifts and climate change affect labour markets and the welfare state.<\/p>\n\n\n\n<p>The meeting started with welcoming speeches from project coordinator Karolien Lenaerts of KU Leuven\u2019s HIVA institute, which is leading WeLaR. Giuliana Sicolo, a European Commission Research Executive Agency project officer, gave a brief but essential presentation on the Agency\u2019s expectations, including how WeLaR should be managed in areas such as relations with the Commission, periodic reporting, collaboration with other projects and impact.<\/p>\n\n\n\n<p>This was followed by three sessions devoted to work packages. Piotr Lewandowski presented the plan for&nbsp;Work Package 4: Labour demand trends.<\/p>\n\n\n\n<figure class=\"wp-block-image size-large\" id=\"attachment_9725\"><img loading=\"lazy\" decoding=\"async\" width=\"1024\" height=\"302\" src=\"https:\/\/ibs.org.pl\/wp-content\/uploads\/2022\/12\/Welar-Kickoff-obciety1-1140x336-1-1024x302.jpeg\" alt=\"\" class=\"wp-image-21569\" srcset=\"https:\/\/ibs.org.pl\/wp-content\/uploads\/2022\/12\/Welar-Kickoff-obciety1-1140x336-1-1024x302.jpeg 1024w, https:\/\/ibs.org.pl\/wp-content\/uploads\/2022\/12\/Welar-Kickoff-obciety1-1140x336-1-300x88.jpeg 300w, https:\/\/ibs.org.pl\/wp-content\/uploads\/2022\/12\/Welar-Kickoff-obciety1-1140x336-1-768x226.jpeg 768w, https:\/\/ibs.org.pl\/wp-content\/uploads\/2022\/12\/Welar-Kickoff-obciety1-1140x336-1.jpeg 1140w\" sizes=\"auto, (max-width: 1024px) 100vw, 1024px\" \/><figcaption>WeLar consortium members<\/figcaption><\/figure>\n\n\n\n<p>All of us are looking forward to the coming months of intense work.<\/p>\n","protected":false},"featured_media":27326,"template":"","news_type":[308],"class_list":["post-21557","news","type-news","status-publish","has-post-thumbnail","hentry","news_type-conference"],"acf":[],"yoast_head":"<!-- This site is optimized with the Yoast SEO plugin v27.5 - https:\/\/yoast.com\/product\/yoast-seo-wordpress\/ -->\n<title>Project WeLaR launched on\u00a08th\u00a0of\u00a0November\u00a02022 at\u00a0the\u00a0Conference\u00a0in Brussels - IBS - Instytut Bada\u0144 Strukturalnych<\/title>\n<meta name=\"robots\" content=\"index, follow, max-snippet:-1, max-image-preview:large, max-video-preview:-1\" \/>\n<link rel=\"canonical\" href=\"https:\/\/ibs.org.pl\/en\/news\/project-welar-launched-on-8th-of-november-2022-at-the-conference-in-brussels\/\" \/>\n<meta property=\"og:locale\" content=\"en_US\" \/>\n<meta property=\"og:type\" content=\"article\" \/>\n<meta property=\"og:title\" content=\"Project WeLaR launched on\u00a08th\u00a0of\u00a0November\u00a02022 at\u00a0the\u00a0Conference\u00a0in Brussels - IBS - Instytut Bada\u0144 Strukturalnych\" \/>\n<meta property=\"og:description\" content=\"Representatives of the ten institutions in the WeLaR research consortium met in&nbsp;Brussels on&nbsp;8 November to&nbsp;kick off their three-year mission to explore how [&hellip;]\" \/>\n<meta property=\"og:url\" content=\"https:\/\/ibs.org.pl\/en\/news\/project-welar-launched-on-8th-of-november-2022-at-the-conference-in-brussels\/\" \/>\n<meta property=\"og:site_name\" content=\"IBS - Instytut Bada\u0144 Strukturalnych\" \/>\n<meta property=\"article:modified_time\" content=\"2023-01-24T10:35:10+00:00\" \/>\n<meta property=\"og:image\" content=\"https:\/\/ibs.org.pl\/wp-content\/uploads\/2023\/01\/Welar-Kickoff-2.jpg\" \/>\n\t<meta property=\"og:image:width\" content=\"1613\" \/>\n\t<meta property=\"og:image:height\" content=\"1210\" \/>\n\t<meta property=\"og:image:type\" content=\"image\/jpeg\" \/>\n<meta name=\"twitter:card\" content=\"summary_large_image\" \/>\n<script type=\"application\/ld+json\" class=\"yoast-schema-graph\">{\"@context\":\"https:\\\/\\\/schema.org\",\"@graph\":[{\"@type\":\"WebPage\",\"@id\":\"https:\\\/\\\/ibs.org.pl\\\/en\\\/news\\\/project-welar-launched-on-8th-of-november-2022-at-the-conference-in-brussels\\\/\",\"url\":\"https:\\\/\\\/ibs.org.pl\\\/en\\\/news\\\/project-welar-launched-on-8th-of-november-2022-at-the-conference-in-brussels\\\/\",\"name\":\"Project WeLaR launched on\u00a08th\u00a0of\u00a0November\u00a02022 at\u00a0the\u00a0Conference\u00a0in Brussels - IBS - Instytut Bada\u0144 Strukturalnych\",\"isPartOf\":{\"@id\":\"https:\\\/\\\/ibs.org.pl\\\/en\\\/#website\"},\"primaryImageOfPage\":{\"@id\":\"https:\\\/\\\/ibs.org.pl\\\/en\\\/news\\\/project-welar-launched-on-8th-of-november-2022-at-the-conference-in-brussels\\\/#primaryimage\"},\"image\":{\"@id\":\"https:\\\/\\\/ibs.org.pl\\\/en\\\/news\\\/project-welar-launched-on-8th-of-november-2022-at-the-conference-in-brussels\\\/#primaryimage\"},\"thumbnailUrl\":\"https:\\\/\\\/ibs.org.pl\\\/wp-content\\\/uploads\\\/2023\\\/01\\\/Welar-Kickoff-2.jpg\",\"datePublished\":\"2022-11-30T22:35:00+00:00\",\"dateModified\":\"2023-01-24T10:35:10+00:00\",\"breadcrumb\":{\"@id\":\"https:\\\/\\\/ibs.org.pl\\\/en\\\/news\\\/project-welar-launched-on-8th-of-november-2022-at-the-conference-in-brussels\\\/#breadcrumb\"},\"inLanguage\":\"en-US\",\"potentialAction\":[{\"@type\":\"ReadAction\",\"target\":[\"https:\\\/\\\/ibs.org.pl\\\/en\\\/news\\\/project-welar-launched-on-8th-of-november-2022-at-the-conference-in-brussels\\\/\"]}]},{\"@type\":\"ImageObject\",\"inLanguage\":\"en-US\",\"@id\":\"https:\\\/\\\/ibs.org.pl\\\/en\\\/news\\\/project-welar-launched-on-8th-of-november-2022-at-the-conference-in-brussels\\\/#primaryimage\",\"url\":\"https:\\\/\\\/ibs.org.pl\\\/wp-content\\\/uploads\\\/2023\\\/01\\\/Welar-Kickoff-2.jpg\",\"contentUrl\":\"https:\\\/\\\/ibs.org.pl\\\/wp-content\\\/uploads\\\/2023\\\/01\\\/Welar-Kickoff-2.jpg\",\"width\":1613,\"height\":1210},{\"@type\":\"BreadcrumbList\",\"@id\":\"https:\\\/\\\/ibs.org.pl\\\/en\\\/news\\\/project-welar-launched-on-8th-of-november-2022-at-the-conference-in-brussels\\\/#breadcrumb\",\"itemListElement\":[{\"@type\":\"ListItem\",\"position\":1,\"name\":\"Home\",\"item\":\"https:\\\/\\\/ibs.org.pl\\\/en\\\/\"},{\"@type\":\"ListItem\",\"position\":2,\"name\":\"Project WeLaR launched on\u00a08th\u00a0of\u00a0November\u00a02022 at\u00a0the\u00a0Conference\u00a0in Brussels\"}]},{\"@type\":\"WebSite\",\"@id\":\"https:\\\/\\\/ibs.org.pl\\\/en\\\/#website\",\"url\":\"https:\\\/\\\/ibs.org.pl\\\/en\\\/\",\"name\":\"IBS - Instytut Bada\u0144 Strukturalnych\",\"description\":\"Jeste\u015bmy niezale\u017cn\u0105 fundacj\u0105 naukow\u0105. Prowadzimy badania w obszarze m.in.: rynku pracy, polityki rodzinnej, finans\u00f3w publicznych, energii i klimatu.\",\"potentialAction\":[{\"@type\":\"SearchAction\",\"target\":{\"@type\":\"EntryPoint\",\"urlTemplate\":\"https:\\\/\\\/ibs.org.pl\\\/en\\\/?s={search_term_string}\"},\"query-input\":{\"@type\":\"PropertyValueSpecification\",\"valueRequired\":true,\"valueName\":\"search_term_string\"}}],\"inLanguage\":\"en-US\"}]}<\/script>\n<!-- \/ Yoast SEO plugin. -->","yoast_head_json":{"title":"Project WeLaR launched on\u00a08th\u00a0of\u00a0November\u00a02022 at\u00a0the\u00a0Conference\u00a0in Brussels - IBS - Instytut Bada\u0144 Strukturalnych","robots":{"index":"index","follow":"follow","max-snippet":"max-snippet:-1","max-image-preview":"max-image-preview:large","max-video-preview":"max-video-preview:-1"},"canonical":"https:\/\/ibs.org.pl\/en\/news\/project-welar-launched-on-8th-of-november-2022-at-the-conference-in-brussels\/","og_locale":"en_US","og_type":"article","og_title":"Project WeLaR launched on\u00a08th\u00a0of\u00a0November\u00a02022 at\u00a0the\u00a0Conference\u00a0in Brussels - IBS - Instytut Bada\u0144 Strukturalnych","og_description":"Representatives of the ten institutions in the WeLaR research consortium met in&nbsp;Brussels on&nbsp;8 November to&nbsp;kick off their three-year mission to explore how [&hellip;]","og_url":"https:\/\/ibs.org.pl\/en\/news\/project-welar-launched-on-8th-of-november-2022-at-the-conference-in-brussels\/","og_site_name":"IBS - Instytut Bada\u0144 Strukturalnych","article_modified_time":"2023-01-24T10:35:10+00:00","og_image":[{"width":1613,"height":1210,"url":"https:\/\/ibs.org.pl\/wp-content\/uploads\/2023\/01\/Welar-Kickoff-2.jpg","type":"image\/jpeg"}],"twitter_card":"summary_large_image","schema":{"@context":"https:\/\/schema.org","@graph":[{"@type":"WebPage","@id":"https:\/\/ibs.org.pl\/en\/news\/project-welar-launched-on-8th-of-november-2022-at-the-conference-in-brussels\/","url":"https:\/\/ibs.org.pl\/en\/news\/project-welar-launched-on-8th-of-november-2022-at-the-conference-in-brussels\/","name":"Project WeLaR launched on\u00a08th\u00a0of\u00a0November\u00a02022 at\u00a0the\u00a0Conference\u00a0in Brussels - IBS - Instytut Bada\u0144 Strukturalnych","isPartOf":{"@id":"https:\/\/ibs.org.pl\/en\/#website"},"primaryImageOfPage":{"@id":"https:\/\/ibs.org.pl\/en\/news\/project-welar-launched-on-8th-of-november-2022-at-the-conference-in-brussels\/#primaryimage"},"image":{"@id":"https:\/\/ibs.org.pl\/en\/news\/project-welar-launched-on-8th-of-november-2022-at-the-conference-in-brussels\/#primaryimage"},"thumbnailUrl":"https:\/\/ibs.org.pl\/wp-content\/uploads\/2023\/01\/Welar-Kickoff-2.jpg","datePublished":"2022-11-30T22:35:00+00:00","dateModified":"2023-01-24T10:35:10+00:00","breadcrumb":{"@id":"https:\/\/ibs.org.pl\/en\/news\/project-welar-launched-on-8th-of-november-2022-at-the-conference-in-brussels\/#breadcrumb"},"inLanguage":"en-US","potentialAction":[{"@type":"ReadAction","target":["https:\/\/ibs.org.pl\/en\/news\/project-welar-launched-on-8th-of-november-2022-at-the-conference-in-brussels\/"]}]},{"@type":"ImageObject","inLanguage":"en-US","@id":"https:\/\/ibs.org.pl\/en\/news\/project-welar-launched-on-8th-of-november-2022-at-the-conference-in-brussels\/#primaryimage","url":"https:\/\/ibs.org.pl\/wp-content\/uploads\/2023\/01\/Welar-Kickoff-2.jpg","contentUrl":"https:\/\/ibs.org.pl\/wp-content\/uploads\/2023\/01\/Welar-Kickoff-2.jpg","width":1613,"height":1210},{"@type":"BreadcrumbList","@id":"https:\/\/ibs.org.pl\/en\/news\/project-welar-launched-on-8th-of-november-2022-at-the-conference-in-brussels\/#breadcrumb","itemListElement":[{"@type":"ListItem","position":1,"name":"Home","item":"https:\/\/ibs.org.pl\/en\/"},{"@type":"ListItem","position":2,"name":"Project WeLaR launched on\u00a08th\u00a0of\u00a0November\u00a02022 at\u00a0the\u00a0Conference\u00a0in Brussels"}]},{"@type":"WebSite","@id":"https:\/\/ibs.org.pl\/en\/#website","url":"https:\/\/ibs.org.pl\/en\/","name":"IBS - Instytut Bada\u0144 Strukturalnych","description":"Jeste\u015bmy niezale\u017cn\u0105 fundacj\u0105 naukow\u0105. Prowadzimy badania w obszarze m.in.: rynku pracy, polityki rodzinnej, finans\u00f3w publicznych, energii i klimatu.","potentialAction":[{"@type":"SearchAction","target":{"@type":"EntryPoint","urlTemplate":"https:\/\/ibs.org.pl\/en\/?s={search_term_string}"},"query-input":{"@type":"PropertyValueSpecification","valueRequired":true,"valueName":"search_term_string"}}],"inLanguage":"en-US"}]}},"_links":{"self":[{"href":"https:\/\/ibs.org.pl\/en\/wp-json\/wp\/v2\/news\/21557","targetHints":{"allow":["GET"]}}],"collection":[{"href":"https:\/\/ibs.org.pl\/en\/wp-json\/wp\/v2\/news"}],"about":[{"href":"https:\/\/ibs.org.pl\/en\/wp-json\/wp\/v2\/types\/news"}],"wp:featuredmedia":[{"embeddable":true,"href":"https:\/\/ibs.org.pl\/en\/wp-json\/wp\/v2\/media\/27326"}],"wp:attachment":[{"href":"https:\/\/ibs.org.pl\/en\/wp-json\/wp\/v2\/media?parent=21557"}],"wp:term":[{"taxonomy":"news_type","embeddable":true,"href":"https:\/\/ibs.org.pl\/en\/wp-json\/wp\/v2\/news_type?post=21557"}],"curies":[{"name":"wp","href":"https:\/\/api.w.org\/{rel}","templated":true}]}}